{"id":262354,"date":"2026-09-04T17:06:58","date_gmt":"2026-09-04T20:06:58","guid":{"rendered":"https:\/\/chacosintesis.com.ar\/index.php\/saenz-pena-detuvieron-a-un-joven-con-pedido-de-aprehension-por-un-hurto\/"},"modified":"2026-09-04T17:07:00","modified_gmt":"2026-09-04T20:07:00","slug":"saenz-pena-detuvieron-a-un-joven-con-pedido-de-aprehension-por-un-hurto","status":"publish","type":"post","link":"https:\/\/chacosintesis.com.ar\/index.php\/saenz-pena-detuvieron-a-un-joven-con-pedido-de-aprehension-por-un-hurto\/","title":{"rendered":"SAENZ PE\u00d1A: Detuvieron A Un Joven Con Pedido De Aprehensi\u00f3n Por Un Hurto"},"content":{"rendered":"<p><img decoding=\"async\" src=\"\"><\/p>\n<div id=\"post-382837\">\n<p><\/p>\n<div class=\"single-post-image\">\n<figure><\/figure>\n<\/p><\/div>\n<p><!-- .single-post-image --><br \/>\n\t\t<!-- .entry-header --><\/p>\n<div class=\"entry-content\">\n<p>Tras unos minutos, los efectivos lograron alcanzarlo y demorarlo. Al identificarlo, constataron que sobre el joven pesaba un pedido de aprehensi\u00f3n vigente, relacionado con una causa por supuesto hurto iniciada el pasado 1 de septiembre, con intervenci\u00f3n de la Fiscal\u00eda de Investigaci\u00f3n N\u00b0 4.<\/p>\n<p>El detenido fue trasladado a la dependencia, donde qued\u00f3 a disposici\u00f3n de la Justicia.<\/p>\n<div class=\"heateor_sss_sharing_container heateor_sss_horizontal_sharing\" data-heateor-sss-href=\"https:\/\/www.noticiasdelparana.com.ar\/NuevaEdicion\/2026\/09\/04\/saenz-pena-detuvieron-a-un-joven-con-pedido-de-aprehension-por-un-hurto\/\">\n<p>Compart\u00ed esta nota en tus redes sociales&#8230;<\/p>\n<\/div><\/div>\n<p><!-- .entry-content --><\/p>\n<p>\t<!-- .entry-footer -->\n<\/div>\n<\/p>\n<p><strong>Seguinos para m\u00e1s informaci\u00f3n actualizada.<\/strong><\/p>\n","protected":false},"excerpt":{"rendered":"<p>Tras unos minutos, los efectivos lograron alcanzarlo y demorarlo. Al identificarlo, constataron que sobre el joven pesaba un pedido de aprehensi\u00f3n vigente, relacionado con una causa por supuesto hurto iniciada el pasado 1 de septiembre, con intervenci\u00f3n de la Fiscal\u00eda de Investigaci\u00f3n N\u00b0 4. El detenido fue trasladado a la dependencia, donde qued\u00f3 a disposici\u00f3n [&hellip;]<\/p>\n","protected":false},"author":1,"featured_media":262355,"comment_status":"closed","ping_status":"","sticky":false,"template":"","format":"standard","meta":{"footnotes":""},"categories":[5],"tags":[],"class_list":["post-262354","post","type-post","status-publish","format-standard","has-post-thumbnail","category-policiales"],"_links":{"self":[{"href":"https:\/\/chacosintesis.com.ar\/index.php\/wp-json\/wp\/v2\/posts\/262354","targetHints":{"allow":["GET"]}}],"collection":[{"href":"https:\/\/chacosintesis.com.ar\/index.php\/wp-json\/wp\/v2\/posts"}],"about":[{"href":"https:\/\/chacosintesis.com.ar\/index.php\/wp-json\/wp\/v2\/types\/post"}],"author":[{"embeddable":true,"href":"https:\/\/chacosintesis.com.ar\/index.php\/wp-json\/wp\/v2\/users\/1"}],"replies":[{"embeddable":true,"href":"https:\/\/chacosintesis.com.ar\/index.php\/wp-json\/wp\/v2\/comments?post=262354"}],"version-history":[{"count":1,"href":"https:\/\/chacosintesis.com.ar\/index.php\/wp-json\/wp\/v2\/posts\/262354\/revisions"}],"predecessor-version":[{"id":262356,"href":"https:\/\/chacosintesis.com.ar\/index.php\/wp-json\/wp\/v2\/posts\/262354\/revisions\/262356"}],"wp:featuredmedia":[{"embeddable":true,"href":"https:\/\/chacosintesis.com.ar\/index.php\/wp-json\/wp\/v2\/media\/262355"}],"wp:attachment":[{"href":"https:\/\/chacosintesis.com.ar\/index.php\/wp-json\/wp\/v2\/media?parent=262354"}],"wp:term":[{"taxonomy":"category","embeddable":true,"href":"https:\/\/chacosintesis.com.ar\/index.php\/wp-json\/wp\/v2\/categories?post=262354"},{"taxonomy":"post_tag","embeddable":true,"href":"https:\/\/chacosintesis.com.ar\/index.php\/wp-json\/wp\/v2\/tags?post=262354"}],"curies":[{"name":"wp","href":"https:\/\/api.w.org\/{rel}","templated":true}]}}