{"id":262341,"date":"2026-09-04T16:09:03","date_gmt":"2026-09-04T19:09:03","guid":{"rendered":"https:\/\/chacosintesis.com.ar\/index.php\/el-video-inedito-de-lionel-messi-haciendo-jueguitos-en-una-silla-en-la-concentracion-del-mundial-2010\/"},"modified":"2026-09-04T16:09:03","modified_gmt":"2026-09-04T19:09:03","slug":"el-video-inedito-de-lionel-messi-haciendo-jueguitos-en-una-silla-en-la-concentracion-del-mundial-2010","status":"publish","type":"post","link":"https:\/\/chacosintesis.com.ar\/index.php\/el-video-inedito-de-lionel-messi-haciendo-jueguitos-en-una-silla-en-la-concentracion-del-mundial-2010\/","title":{"rendered":"El video in\u00e9dito de Lionel Messi haciendo jueguitos en una silla en la concentraci\u00f3n del Mundial 2010"},"content":{"rendered":"<p><\/p>\n<div>\t\t<!-- { REGION4 --> <\/p>\n<header class=\"news-headline\">\n<div class=\"news-headline__topics-and-date-wrapper\">    <span class=\"news-headline__publication-date\"> 4 de septiembre 2026 &#8211; 15:24<br \/>\n            <\/span><\/div>\n<h2 class=\"news-headline__article-summary\"\/>\n<p id=\"p-1788538866535-49109\" class=\"ignore-parser\"> En las redes sociales comenz\u00f3 a circular un video in\u00e9dito de Lionel Messi en el 2010, donde se divierte junto a otros jugadores de la Selecci\u00f3n Argentina haciendo jueguitos sin parar.<\/p>\n<\/header>\n<article class=\"article-body article-body--first-paragraph\" data-td-script-src=\"https:\/\/www.ambito.com\/td\/modulos\/encuestas\/js\/function-embeds-min-version-1788408512.js\">\n<p id=\"p-1788538866639-14292\">Este viernes el exfutbolista <strong>Jon\u00e1s Gutierrez <\/strong>revel\u00f3 en sus <strong>redes sociales <\/strong>un video in\u00e9dito de<strong> <a href=\"https:\/\/www.ambito.com\/deportes\/la-afa-homenajea-lionel-messi-habra-un-minuto-aplausos-cada-partido-todas-las-categorias-n6317843\" target=\"_blank\" rel=\"follow\">Lionel Messi<\/a><\/strong> en la concentraci\u00f3n del <strong>Mundial de Sud\u00e1frica 2010<\/strong>.<\/p>\n<\/article>\n<section class=\"suscription-false printed-edition\" style=\"display:none\">\n<p> El contenido al que quiere acceder es exclusivo para suscriptores.<\/p>\n<p>  <span> <button type=\"button\" name=\"button\" class=\"subscribe-btn mercadopago-btn\">suscribirse<\/button><\/span>  <span class=\"btns\"><button type=\"button\" name=\"button\" class=\"subscribe-btn reload-login\"> ya estoy suscripto<\/button><\/span>  <\/p>\n<\/section>\n<article class=\"article-body article-body--second-paragraph\">\n<p id=\"p-1788539381385-49006\">En contexto, los nombrados est\u00e1n acompa\u00f1ados en la habitaci\u00f3n junto a <strong>Mart\u00edn Demichelis <\/strong>y <strong>Maxi Rodr\u00edguez<\/strong>, realizando un duelo de &#8220;jueguitos&#8221;. El exNewell&#8217;s comienza el desaf\u00edo en la cama, con zapatillas, y luego le pasa a la pelota a <strong>Messi.<\/strong><\/p>\n<\/article>\n<section class=\"related-news\">\n<div class=\"row row--eq-height\">\n<div class=\"col-12 col-md-6\">\n<article class=\"news-article news-article--landscape-news news-article--landscape-news\">\n<figure class=\"news-article__figure figure\">\t\t<a href=\"https:\/\/www.ambito.com\/deportes\/boca-velez-se-paro-el-minuto-10-y-tuvo-el-primer-homenaje-messi-su-retiro-la-seleccion-argentina-n6318062\" target=\"\" title=\"\u00e1mbito.com | Boca-V\u00e9lez se par\u00f3 en el minuto 10 y tuvo el primer homenaje a Messi tras su retiro de la Selecci\u00f3n argentina\" alt=\"\u00e1mbito.com | Boca-V\u00e9lez se par\u00f3 en el minuto 10 y tuvo el primer homenaje a Messi tras su retiro de la Selecci\u00f3n argentina\" rel=\"noindex nofollow noreferrer\"><br \/>\n\t\t\t\t\t\t\t\t\t\t\t<img loading=\"lazy\" src=\"https:\/\/chacosintesis.com.ar\/wp-content\/uploads\/2026\/09\/El-video-inedito-de-Lionel-Messi-haciendo-jueguitos-en-una.png\" decoding=\"async\" fetchpriority=\"low\" loading=\"lazy\" alt=\"Boca-V\u00e9lez se par\u00f3 en el minuto 10 y tuvo el primer homenaje a Messi tras su retiro de la Selecci\u00f3n argentina\" title=\"Boca-V\u00e9lez se par\u00f3 en el minuto 10 y tuvo el primer homenaje a Messi tras su retiro de la Selecci\u00f3n argentina\" width=\"93\" height=\"52\" class=\"news-article__figure-img figure-img img-fluid\"\/>\t\t<\/a><\/figure>\n<\/article><\/div>\n<\/div>\n<\/section>\n<article class=\"article-body article-body--third-paragraph\">\n<p id=\"p-1788539547015-21515\"> &#8220;La Pulga&#8221; recibe sentado en una silla, en medias, y comienza a demostrar su incre\u00edble control y habilidad. El por entonces jugador del <strong>Barcelona<\/strong> comenz\u00f3 a hacer jueguitos sin parar y sin que se le caiga la pelota.<\/p>\n<\/article>\n<article class=\"article-body article-body--fourth-paragraph\">\n<p id=\"p-1788539628313-78269\">&#8220;Mundial 2010, un video que nunca hab\u00eda compartido. La habitaci\u00f3n con @martindemichelisoficial ah\u00ed entra @maxirodriguez11oficial que empieza a hacer jueguitos de una forma incre\u00edble y despu\u00e9s arranca @leomessi y lleva el momento a algo sublime, imposible dejar de ver este video. Yo quiero que sepan que era el que filmaba y no quise que leo se sintiera menos si yo empezaba a hacer mis malabares con la jabulani jajajaja y lo que tambi\u00e9n suma magia es el tema de Los Nocheros&#8221;, el comentario que realiz\u00f3 Gutierrez en su cuenta de Instagram.<\/p>\n<\/article>\n<article class=\"article-body article-body--fifth-paragraph\">\n<h2 id=\"p-1788544831718-67400\">Tras retirarse de la Selecci\u00f3n Argentina, Messi lanz\u00f3 un perfume<\/h2>\n<p id=\"p-1788544831718-2919\">Lionel Messi anunci\u00f3 el pasado 31 de agosto su retiro de la Selecci\u00f3n argentina. A pesar de seguir jugando en el Inter Miami, el futbolista sigue expandiendo su arista empresarial. En este sentido, <strong>anunci\u00f3 el lanzamiento de una <a href=\"https:\/\/www.ambito.com\/negocios\/messi-lanzo-un-nuevo-perfume-cuanto-sale-la-nueva-fragancia-n6318159\" target=\"_blank\" rel=\"follow\">nueva fragancia de su l\u00ednea de perfumes<\/a>.<\/strong><\/p>\n<\/article>\n<article class=\"article-body article-body--remaining-paragraph\">\n<p id=\"p-1788544831718-24757\"> Se trata de la colecci\u00f3n <strong>MESSI FRAGRANCE<\/strong>. La nueva fragancia se llama <strong>MESSI NIGHT Eau de Parfum<\/strong> y ya est\u00e1 disponible en las principales perfumer\u00edas del mundo.<\/p>\n<p id=\"p-1788544831718-59728\">El anunci\u00f3 lo hizo a trav\u00e9s de sus redes sociales y describi\u00f3: <strong>&#8220;Una nueva fragancia inspirada en sentirse seguro, ser fiel a uno mismo y estar preparado para lo que venga&#8221;.<\/strong><\/p>\n<\/article>\n<p>\t\t<!-- REGION4 } --><\/div>\n<p><script>\n!function(f,b,e,v,n,t,s)\n{if(f.fbq)return;n=f.fbq=function(){n.callMethod?\nn.callMethod.apply(n,arguments):n.queue.push(arguments)};\nif(!f._fbq)f._fbq=n;n.push=n;n.loaded=!0;n.version='2.0';\nn.queue=[];t=b.createElement(e);t.async=!0;\nt.src=v;s=b.getElementsByTagName(e)[0];\ns.parentNode.insertBefore(t,s)}(window,document,'script',\n'https:\/\/connect.facebook.net\/en_US\/fbevents.js');\nfbq('init', '2047048335588113');\nfbq('track', 'PageView');\n<\/script><\/p>\n<p>Ambito.-<\/p>\n","protected":false},"excerpt":{"rendered":"<p>4 de septiembre 2026 &#8211; 15:24 En las redes sociales comenz\u00f3 a circular un video in\u00e9dito de Lionel Messi en el 2010, donde se divierte junto a otros jugadores de la Selecci\u00f3n Argentina haciendo jueguitos sin parar. Este viernes el exfutbolista Jon\u00e1s Gutierrez revel\u00f3 en sus redes sociales un video in\u00e9dito de Lionel Messi en [&hellip;]<\/p>\n","protected":false},"author":1,"featured_media":262342,"comment_status":"closed","ping_status":"","sticky":false,"template":"","format":"standard","meta":{"footnotes":""},"categories":[7],"tags":[1125],"class_list":["post-262341","post","type-post","status-publish","format-standard","has-post-thumbnail","category-deportes","tag-lionel-messi"],"_links":{"self":[{"href":"https:\/\/chacosintesis.com.ar\/index.php\/wp-json\/wp\/v2\/posts\/262341","targetHints":{"allow":["GET"]}}],"collection":[{"href":"https:\/\/chacosintesis.com.ar\/index.php\/wp-json\/wp\/v2\/posts"}],"about":[{"href":"https:\/\/chacosintesis.com.ar\/index.php\/wp-json\/wp\/v2\/types\/post"}],"author":[{"embeddable":true,"href":"https:\/\/chacosintesis.com.ar\/index.php\/wp-json\/wp\/v2\/users\/1"}],"replies":[{"embeddable":true,"href":"https:\/\/chacosintesis.com.ar\/index.php\/wp-json\/wp\/v2\/comments?post=262341"}],"version-history":[{"count":0,"href":"https:\/\/chacosintesis.com.ar\/index.php\/wp-json\/wp\/v2\/posts\/262341\/revisions"}],"wp:featuredmedia":[{"embeddable":true,"href":"https:\/\/chacosintesis.com.ar\/index.php\/wp-json\/wp\/v2\/media\/262342"}],"wp:attachment":[{"href":"https:\/\/chacosintesis.com.ar\/index.php\/wp-json\/wp\/v2\/media?parent=262341"}],"wp:term":[{"taxonomy":"category","embeddable":true,"href":"https:\/\/chacosintesis.com.ar\/index.php\/wp-json\/wp\/v2\/categories?post=262341"},{"taxonomy":"post_tag","embeddable":true,"href":"https:\/\/chacosintesis.com.ar\/index.php\/wp-json\/wp\/v2\/tags?post=262341"}],"curies":[{"name":"wp","href":"https:\/\/api.w.org\/{rel}","templated":true}]}}