{"id":262292,"date":"2026-09-04T14:08:03","date_gmt":"2026-09-04T17:08:03","guid":{"rendered":"https:\/\/chacosintesis.com.ar\/index.php\/ruben-insua-volvera-a-ser-dt-de-san-lorenzo-tras-la-salida-de-pipo-gorosito\/"},"modified":"2026-09-04T14:08:03","modified_gmt":"2026-09-04T17:08:03","slug":"ruben-insua-volvera-a-ser-dt-de-san-lorenzo-tras-la-salida-de-pipo-gorosito","status":"publish","type":"post","link":"https:\/\/chacosintesis.com.ar\/index.php\/ruben-insua-volvera-a-ser-dt-de-san-lorenzo-tras-la-salida-de-pipo-gorosito\/","title":{"rendered":"Ruben Ins\u00faa volver\u00e1 a ser DT de San Lorenzo tras la salida de \u201cPipo\u201d Gorosito"},"content":{"rendered":"<p><\/p>\n<div>\t\t<!-- { REGION4 --> <\/p>\n<header class=\"news-headline\">\n<div class=\"news-headline__topics-and-date-wrapper\">    <span class=\"news-headline__publication-date\"> 4 de septiembre 2026 &#8211; 12:11<br \/>\n            <\/span><\/div>\n<h2 class=\"news-headline__article-summary\"\/>\n<p id=\"p-1788533103009-27042\" class=\"ignore-parser\"> El entrenador tendr\u00e1 su tercer ciclo en el club de Boedo luego de una reuni\u00f3n con el presidente, donde acordaron la cancelaci\u00f3n de una deuda pendiente.<\/p>\n<\/header>\n<article class=\"article-body article-body--first-paragraph\" data-td-script-src=\"https:\/\/www.ambito.com\/td\/modulos\/encuestas\/js\/function-embeds-min-version-1788408512.js\">\n<p id=\"p-1788533376866-44213\"><strong>San Lorenzo<\/strong> tiene todo listo para que<strong> Rub\u00e9n Dar\u00edo Ins\u00faa <\/strong>vuelva a ponerse el traje de entrenador. Luego de la salida de <strong><a href=\"https:\/\/www.ambito.com\/deportes\/fin-ciclo-la-dirigencia-san-lorenzo-se-reune-gorosito-evaluar-su-continuidad-n6317142\" target=\"_blank\" rel=\"follow\">Nestor Gorosito<\/a><\/strong>, el &#8220;Gallego&#8221; tuvo una reuni\u00f3n con el presidente del club, donde acordaron la liquidaci\u00f3n de una deuda pendiente para ponerse de acuerdo.<\/p>\n<\/article>\n<section class=\"suscription-false printed-edition\" style=\"display:none\">\n<p>El contenido al que quiere acceder es exclusivo para suscriptores.<\/p>\n<p>  <span> <button type=\"button\" name=\"button\" class=\"subscribe-btn mercadopago-btn\">suscribirse<\/button><\/span>  <span class=\"btns\"><button type=\"button\" name=\"button\" class=\"subscribe-btn reload-login\"> ya estoy suscripto<\/button><\/span>  <\/p>\n<\/section>\n<article class=\"article-body article-body--second-paragraph\">\n<p id=\"p-1788533376866-21590\">De esta manera, Ins\u00faa tendr\u00e1 su tercer ciclo como director t\u00e9cnico de<strong> San Lorenzo<\/strong>, en medio de la profunda crisis que atraviesa el club. Su antecesor apenas dur\u00f3 ocho partidos en el cargo. En este contexto, ser\u00e1 el cuarto entrenador del &#8220;Cicl\u00f3n&#8221; en el <strong>2026.<\/strong><\/p>\n<\/article>\n<section class=\"related-news\">\n<div class=\"row row--eq-height\">\n<div class=\"col-12 col-md-6\">\n<article class=\"news-article news-article--landscape-news news-article--landscape-news\">\n<figure class=\"news-article__figure figure\">\t\t<a href=\"https:\/\/www.ambito.com\/deportes\/tras-caerse-su-pase-al-barcelona-julian-alvarez-volvio-ser-convocado-el-atletico-madrid-n6318557\" target=\"\" title=\"\u00e1mbito.com | Tras caerse su pase al Barcelona, Juli\u00e1n \u00c1lvarez volvi\u00f3 a ser convocado en el Atl\u00e9tico de Madrid\" alt=\"\u00e1mbito.com | Tras caerse su pase al Barcelona, Juli\u00e1n \u00c1lvarez volvi\u00f3 a ser convocado en el Atl\u00e9tico de Madrid\" rel=\"noindex nofollow noreferrer\"><br \/>\n\t\t\t\t\t\t\t\t\t\t\t<img loading=\"lazy\" src=\"https:\/\/chacosintesis.com.ar\/wp-content\/uploads\/2026\/09\/Ruben-Insua-volvera-a-ser-DT-de-San-Lorenzo-tras.png\" decoding=\"async\" fetchpriority=\"low\" loading=\"lazy\" alt=\"Tras caerse su pase al Barcelona, Juli\u00e1n \u00c1lvarez volvi\u00f3 a ser convocado en el Atl\u00e9tico de Madrid\" title=\"Tras caerse su pase al Barcelona, Juli\u00e1n \u00c1lvarez volvi\u00f3 a ser convocado en el Atl\u00e9tico de Madrid\" width=\"93\" height=\"52\" class=\"news-article__figure-img figure-img img-fluid\"\/>\t\t<\/a><\/figure>\n<\/article><\/div>\n<\/div>\n<\/section>\n<article class=\"article-body article-body--third-paragraph\">\n<p id=\"p-1788533428960-35316\"> La llegada del &#8220;Gallego&#8221; se concret\u00f3 luego de que la alternativa de <strong>Ram\u00f3n D\u00edaz <\/strong>quedara descartada. Recordemos que Ins\u00faa viene de dirigir a<strong> Barracas Central <\/strong>74 partidos (23 victorias, 28 empates y 23 derrotas) y una hist\u00f3rica clasificaci\u00f3n a la <strong>Copa Sudamericana<\/strong>.<\/p>\n<\/article>\n<article class=\"article-body article-body--fourth-paragraph\">\n<p id=\"p-1788533767059-96054\">El debut de Ins\u00faa ser\u00e1 ante <strong>Independiente,<\/strong> en <strong>Avellaneda,<\/strong> el domingo 13 de septiembre. Luego enfrentar\u00e1 a <strong>Boca,<\/strong> el domingo 20. Dos cl\u00e1sicos para tomarle la medida a este plantel de cara a una recta final que le podr\u00eda permitir cortar una racha de m\u00e1s de un a\u00f1o y medio sin ganar cl\u00e1sicos <strong>(Racing<\/strong> en <strong>2025,<\/strong> el \u00faltimo) y so\u00f1ar con meterse en los playoffs del <strong>Torneo Clausura<\/strong>.<\/p>\n<\/article>\n<article class=\"article-body article-body--fifth-paragraph\">\n<h2 id=\"p-1788533376866-49531\">Los n\u00fameros de Ins\u00faa como DT en San Lorenzo<\/h2>\n<p id=\"p-1788533376866-51219\">En sus dos ciclos anteriores, <strong>Ins\u00faa<\/strong> dirigi\u00f3 <strong>146 partidos<\/strong>: consigui\u00f3 <strong>57 victorias, 54 empates y 35 derrotas<\/strong>, con un rendimiento del<strong> 51,37% <\/strong>de los puntos.<\/p>\n<\/article>\n<article class=\"article-body article-body--remaining-paragraph\">\n<p id=\"p-1788533376866-81002\">En el primer de ellos, fue <strong>campe\u00f3n de la Copa Sudamericana 2002<\/strong> y en el \u00faltimo logr\u00f3 clasificar al equipo a la <strong>Copa Libertadores<\/strong>, despu\u00e9s de tomarlo en una situaci\u00f3n similar a la actual.<\/p>\n<p id=\"p-1788533376866-59757\">Su \u00faltimo ciclo termin\u00f3 en abril de <strong>2024<\/strong> despu\u00e9s de una pol\u00e9mica salida que decidi\u00f3 el expresidente <strong>Marcelo Moretti<\/strong>.<\/p>\n<\/article>\n<p>\t\t<!-- REGION4 } --><\/div>\n<p><script>\n!function(f,b,e,v,n,t,s)\n{if(f.fbq)return;n=f.fbq=function(){n.callMethod?\nn.callMethod.apply(n,arguments):n.queue.push(arguments)};\nif(!f._fbq)f._fbq=n;n.push=n;n.loaded=!0;n.version='2.0';\nn.queue=[];t=b.createElement(e);t.async=!0;\nt.src=v;s=b.getElementsByTagName(e)[0];\ns.parentNode.insertBefore(t,s)}(window,document,'script',\n'https:\/\/connect.facebook.net\/en_US\/fbevents.js');\nfbq('init', '2047048335588113');\nfbq('track', 'PageView');\n<\/script><\/p>\n<p>Ambito.-<\/p>\n","protected":false},"excerpt":{"rendered":"<p>4 de septiembre 2026 &#8211; 12:11 El entrenador tendr\u00e1 su tercer ciclo en el club de Boedo luego de una reuni\u00f3n con el presidente, donde acordaron la cancelaci\u00f3n de una deuda pendiente. San Lorenzo tiene todo listo para que Rub\u00e9n Dar\u00edo Ins\u00faa vuelva a ponerse el traje de entrenador. Luego de la salida de Nestor [&hellip;]<\/p>\n","protected":false},"author":1,"featured_media":262293,"comment_status":"closed","ping_status":"","sticky":false,"template":"","format":"standard","meta":{"footnotes":""},"categories":[7],"tags":[1219,1170],"class_list":["post-262292","post","type-post","status-publish","format-standard","has-post-thumbnail","category-deportes","tag-entrenador","tag-san-lorenzo"],"_links":{"self":[{"href":"https:\/\/chacosintesis.com.ar\/index.php\/wp-json\/wp\/v2\/posts\/262292","targetHints":{"allow":["GET"]}}],"collection":[{"href":"https:\/\/chacosintesis.com.ar\/index.php\/wp-json\/wp\/v2\/posts"}],"about":[{"href":"https:\/\/chacosintesis.com.ar\/index.php\/wp-json\/wp\/v2\/types\/post"}],"author":[{"embeddable":true,"href":"https:\/\/chacosintesis.com.ar\/index.php\/wp-json\/wp\/v2\/users\/1"}],"replies":[{"embeddable":true,"href":"https:\/\/chacosintesis.com.ar\/index.php\/wp-json\/wp\/v2\/comments?post=262292"}],"version-history":[{"count":0,"href":"https:\/\/chacosintesis.com.ar\/index.php\/wp-json\/wp\/v2\/posts\/262292\/revisions"}],"wp:featuredmedia":[{"embeddable":true,"href":"https:\/\/chacosintesis.com.ar\/index.php\/wp-json\/wp\/v2\/media\/262293"}],"wp:attachment":[{"href":"https:\/\/chacosintesis.com.ar\/index.php\/wp-json\/wp\/v2\/media?parent=262292"}],"wp:term":[{"taxonomy":"category","embeddable":true,"href":"https:\/\/chacosintesis.com.ar\/index.php\/wp-json\/wp\/v2\/categories?post=262292"},{"taxonomy":"post_tag","embeddable":true,"href":"https:\/\/chacosintesis.com.ar\/index.php\/wp-json\/wp\/v2\/tags?post=262292"}],"curies":[{"name":"wp","href":"https:\/\/api.w.org\/{rel}","templated":true}]}}