{"id":262290,"date":"2026-09-04T14:07:02","date_gmt":"2026-09-04T17:07:02","guid":{"rendered":"https:\/\/chacosintesis.com.ar\/index.php\/un-youtuber-fue-distinguido-como-personalidad-destacada-de-la-plata-y-se-lo-dedico-a-cristina-kirchner_a6a9ac287932dd641a782e7b1\/"},"modified":"2026-09-04T14:07:02","modified_gmt":"2026-09-04T17:07:02","slug":"un-youtuber-fue-distinguido-como-personalidad-destacada-de-la-plata-y-se-lo-dedico-a-cristina-kirchner_a6a9ac287932dd641a782e7b1","status":"publish","type":"post","link":"https:\/\/chacosintesis.com.ar\/index.php\/un-youtuber-fue-distinguido-como-personalidad-destacada-de-la-plata-y-se-lo-dedico-a-cristina-kirchner_a6a9ac287932dd641a782e7b1\/","title":{"rendered":"Un youtuber fue distinguido como Personalidad Destacada de La Plata y se lo dedic\u00f3 a Cristina Kirchner"},"content":{"rendered":"<p><img decoding=\"async\" src=\"https:\/\/chacosintesis.com.ar\/wp-content\/uploads\/2026\/09\/Un-youtuber-fue-distinguido-como-Personalidad-Destacada-de-La-Plata.jpeg\" \/><\/p>\n<div itemprop=\"articleBody\">\n<p>Buenos Aires, 4 septiembre (NA) &#8212; El youtuber y creador de &#8220;<strong>Te lo resumo as\u00ed nom\u00e1s<\/strong>&#8220;, <strong>Jorge Pinarello<\/strong>, fue distinguido como<strong> Personalidad Destacada de la Cultura de La Plata<\/strong> el pasado jueves, en el marco de una sesi\u00f3n especial <span>de homenajes del <\/span><strong>Concejo Deliberante.<\/strong><\/p>\n<p>Seg\u00fan supo la Agencia Noticias Argentinas, el joven protagoniz\u00f3 un tenso momento con el <span>presidente del bloque <\/span><strong>PRO<\/strong><span>, <\/span><strong>Nicol\u00e1s Morzone<\/strong>, luego de dedicar su distinci\u00f3n a<i><strong> &#8220;la platense m\u00e1s importante de la historia&#8221;<\/strong><\/i>, <strong>Cristina Kirchner<\/strong>. El mismo qued\u00f3 grabado por los presentes en el recinto y difundido en redes sociales.\u00a0<\/p>\n<p><strong>Josefina Bolis<\/strong>, presidenta del bloque <strong>Fuerza Patria<\/strong>, fue la funcionaria que impuls\u00f3 la distinci\u00f3n por la trayectoria e impacto global que gener\u00f3 Pinarello con su cuenta de YouTube. Asimismo, destac\u00f3 c\u00f3mo Jorge llev\u00f3 &#8220;La Plata a m\u00faltiples escenarios y plataformas&#8221;.\u00a0<\/p>\n<p><tadevel-ad  class=\"block-4d\" slot-id=\"article-inline-01\"\/><\/p>\n<p><span><strong>&#8220;Es streamer, productor de contenidos, cineasta, es artista y es tambi\u00e9n quien est\u00e1 a cargo, sostiene, investiga, edita, produce y analiza con un humor cr\u00edtico, con una investigaci\u00f3n y un archivo muy profundos, con iron\u00eda y con acidez, el canal <\/strong><\/span><i><strong>Te Lo Resumo As\u00ed Nom\u00e1s<\/strong><\/i><span><strong> hace m\u00e1s de una d\u00e9cada&#8221;,<\/strong> comunic\u00f3 Bolis en la sesi\u00f3n.\u00a0<\/span><\/p>\n<p><span>&#8220;Hace diez a\u00f1os se dedica a popularizar, a ampliar esas lecturas sobre el cine y a convocarnos a pensar juntos sobre el cine&#8221;, agreg\u00f3.<\/span><\/p>\n<h3>El pol\u00e9mico discurso de aceptaci\u00f3n de Jorge &#8220;Te lo resumo&#8221;: se lo dedic\u00f3 a Cristina Kirchner<\/h3>\n<p>Al momento de recibir la distinci\u00f3n, el youtuber gener\u00f3 pol\u00e9mica dentro de la sesi\u00f3n al dedic\u00e1rsela a la ex vicepresidenta: &#8220;Le agradezco a la gente que ha venido, a mi madre, mi padre, a toda la tribuna <strong>y se lo dedico a la platense m\u00e1s importante de la historia: la doctora Cristina Fern\u00e1ndez de Kirchner<\/strong>&#8220;.<\/p>\n<p><tadevel-ad  class=\"block-4d\" slot-id=\"article-inline-02\"\/><\/p>\n<p>En ese contexto, ironiz\u00f3 sobre su discurso de aceptaci\u00f3n en los Mart\u00edn Fierro Digital, donde lanz\u00f3 un &#8220;vamos a volver&#8221;: &#8220;Cuando gan\u00e9 el Mart\u00edn Fierro dije que \u00edbamos a volver, me equivoqu\u00e9 rotundamente. <strong>No solo no volvimos sino que cay\u00f3 presa Cristina. <\/strong>Le err\u00e9 feo, pero <strong>estoy convencido de que cuando este gobierno que odia a la Argentina y al pa\u00eds se vaya..<\/strong>.&#8221;.<\/p>\n<p>En ese <span>entonces,<\/span> <strong>Nicol\u00e1s Morzone<\/strong><span> se levant\u00f3 de su banca y abandon\u00f3 la sesi\u00f3n. Sobre ello, el youtuber opin\u00f3 con su humor \u00e1cido: <\/span>&#8220;Un aplauso para el compa\u00f1ero que se va, <strong>se retira indignado porque el recinto no es para hablar de pol\u00edtica<\/strong>&#8220;.<\/p>\n<p>&#8220;<strong>Cuando se vaya este gobierno&#8230; quiz\u00e1s vamos a volver.<\/strong> <strong>Viva Per\u00f3n, viva Evita, viva Cristina, viva N\u00e9stor y viva Axel tambi\u00e9n&#8221;<\/strong>, cerr\u00f3.\u00a0<\/p>\n<figure class=\"multimedia\" data-tadevel-template=\"web\/multimedia\" data-type=\"video\"\/><tadevel-ad  class=\"block-4d\" slot-id=\"article-inline-03\"\/><\/p>\n<p>Agencia NA<\/p>\n<\/div>\n<p><img decoding=\"async\" src=\"https:\/\/chacosintesis.com.ar\/wp-content\/uploads\/2026\/09\/1788541622_335_Un-youtuber-fue-distinguido-como-Personalidad-Destacada-de-La-Plata.jpeg\"><\/p>\n<p>Noticias Argentinas<\/p>\n","protected":false},"excerpt":{"rendered":"<p>Buenos Aires, 4 septiembre (NA) &#8212; El youtuber y creador de &#8220;Te lo resumo as\u00ed nom\u00e1s&#8220;, Jorge Pinarello, fue distinguido como Personalidad Destacada de la Cultura de La Plata el pasado jueves, en el marco de una sesi\u00f3n especial de homenajes del Concejo Deliberante. Seg\u00fan supo la Agencia Noticias Argentinas, el joven protagoniz\u00f3 un tenso [&hellip;]<\/p>\n","protected":false},"author":1,"featured_media":262291,"comment_status":"closed","ping_status":"","sticky":false,"template":"","format":"standard","meta":{"footnotes":""},"categories":[188],"tags":[],"class_list":["post-262290","post","type-post","status-publish","format-standard","has-post-thumbnail","category-farandula"],"_links":{"self":[{"href":"https:\/\/chacosintesis.com.ar\/index.php\/wp-json\/wp\/v2\/posts\/262290","targetHints":{"allow":["GET"]}}],"collection":[{"href":"https:\/\/chacosintesis.com.ar\/index.php\/wp-json\/wp\/v2\/posts"}],"about":[{"href":"https:\/\/chacosintesis.com.ar\/index.php\/wp-json\/wp\/v2\/types\/post"}],"author":[{"embeddable":true,"href":"https:\/\/chacosintesis.com.ar\/index.php\/wp-json\/wp\/v2\/users\/1"}],"replies":[{"embeddable":true,"href":"https:\/\/chacosintesis.com.ar\/index.php\/wp-json\/wp\/v2\/comments?post=262290"}],"version-history":[{"count":0,"href":"https:\/\/chacosintesis.com.ar\/index.php\/wp-json\/wp\/v2\/posts\/262290\/revisions"}],"wp:featuredmedia":[{"embeddable":true,"href":"https:\/\/chacosintesis.com.ar\/index.php\/wp-json\/wp\/v2\/media\/262291"}],"wp:attachment":[{"href":"https:\/\/chacosintesis.com.ar\/index.php\/wp-json\/wp\/v2\/media?parent=262290"}],"wp:term":[{"taxonomy":"category","embeddable":true,"href":"https:\/\/chacosintesis.com.ar\/index.php\/wp-json\/wp\/v2\/categories?post=262290"},{"taxonomy":"post_tag","embeddable":true,"href":"https:\/\/chacosintesis.com.ar\/index.php\/wp-json\/wp\/v2\/tags?post=262290"}],"curies":[{"name":"wp","href":"https:\/\/api.w.org\/{rel}","templated":true}]}}