{"id":262287,"date":"2026-09-04T14:06:04","date_gmt":"2026-09-04T17:06:04","guid":{"rendered":"https:\/\/chacosintesis.com.ar\/index.php\/fontana-esclarecieron-cuatro-hurtos-y-recuperaron-elementos-sustraidos\/"},"modified":"2026-09-04T14:06:06","modified_gmt":"2026-09-04T17:06:06","slug":"fontana-esclarecieron-cuatro-hurtos-y-recuperaron-elementos-sustraidos","status":"publish","type":"post","link":"https:\/\/chacosintesis.com.ar\/index.php\/fontana-esclarecieron-cuatro-hurtos-y-recuperaron-elementos-sustraidos\/","title":{"rendered":"FONTANA: Esclarecieron Cuatro Hurtos Y Recuperaron Elementos Sustra\u00eddos"},"content":{"rendered":"<p><img decoding=\"async\" src=\"\"><\/p>\n<div id=\"post-382840\">\n<p><\/p>\n<div class=\"single-post-image\">\n<figure><\/figure>\n<\/p><\/div>\n<p><!-- .single-post-image --><br \/>\n\t\t<!-- .entry-header --><\/p>\n<div class=\"entry-content\">\n<p>Durante la intervenci\u00f3n, los efectivos aprehendieron a un joven de 23 a\u00f1os y secuestraron un taladro, una amoladora, un machete, calzado y distintas prendas de vestir, elementos que estar\u00edan relacionados con los hechos investigados.<\/p>\n<p>Por disposici\u00f3n de la Fiscal\u00eda en turno, el joven qued\u00f3 aprehendido e identificado en las causas, mientras que los elementos recuperados ser\u00e1n restituidos a sus propietarios.<\/p>\n<div class=\"heateor_sss_sharing_container heateor_sss_horizontal_sharing\" data-heateor-sss-href=\"https:\/\/www.noticiasdelparana.com.ar\/NuevaEdicion\/2026\/09\/04\/fontana-esclarecieron-cuatro-hurtos-y-recuperaron-elementos-sustraidos\/\">\n<p>Compart\u00ed esta nota en tus redes sociales&#8230;<\/p>\n<\/div><\/div>\n<p><!-- .entry-content --><\/p>\n<p>\t<!-- .entry-footer -->\n<\/div>\n<\/p>\n<p><strong>Seguinos para m\u00e1s informaci\u00f3n actualizada.<\/strong><\/p>\n","protected":false},"excerpt":{"rendered":"<p>Durante la intervenci\u00f3n, los efectivos aprehendieron a un joven de 23 a\u00f1os y secuestraron un taladro, una amoladora, un machete, calzado y distintas prendas de vestir, elementos que estar\u00edan relacionados con los hechos investigados. Por disposici\u00f3n de la Fiscal\u00eda en turno, el joven qued\u00f3 aprehendido e identificado en las causas, mientras que los elementos recuperados [&hellip;]<\/p>\n","protected":false},"author":1,"featured_media":262288,"comment_status":"closed","ping_status":"","sticky":false,"template":"","format":"standard","meta":{"footnotes":""},"categories":[5],"tags":[],"class_list":["post-262287","post","type-post","status-publish","format-standard","has-post-thumbnail","category-policiales"],"_links":{"self":[{"href":"https:\/\/chacosintesis.com.ar\/index.php\/wp-json\/wp\/v2\/posts\/262287","targetHints":{"allow":["GET"]}}],"collection":[{"href":"https:\/\/chacosintesis.com.ar\/index.php\/wp-json\/wp\/v2\/posts"}],"about":[{"href":"https:\/\/chacosintesis.com.ar\/index.php\/wp-json\/wp\/v2\/types\/post"}],"author":[{"embeddable":true,"href":"https:\/\/chacosintesis.com.ar\/index.php\/wp-json\/wp\/v2\/users\/1"}],"replies":[{"embeddable":true,"href":"https:\/\/chacosintesis.com.ar\/index.php\/wp-json\/wp\/v2\/comments?post=262287"}],"version-history":[{"count":1,"href":"https:\/\/chacosintesis.com.ar\/index.php\/wp-json\/wp\/v2\/posts\/262287\/revisions"}],"predecessor-version":[{"id":262289,"href":"https:\/\/chacosintesis.com.ar\/index.php\/wp-json\/wp\/v2\/posts\/262287\/revisions\/262289"}],"wp:featuredmedia":[{"embeddable":true,"href":"https:\/\/chacosintesis.com.ar\/index.php\/wp-json\/wp\/v2\/media\/262288"}],"wp:attachment":[{"href":"https:\/\/chacosintesis.com.ar\/index.php\/wp-json\/wp\/v2\/media?parent=262287"}],"wp:term":[{"taxonomy":"category","embeddable":true,"href":"https:\/\/chacosintesis.com.ar\/index.php\/wp-json\/wp\/v2\/categories?post=262287"},{"taxonomy":"post_tag","embeddable":true,"href":"https:\/\/chacosintesis.com.ar\/index.php\/wp-json\/wp\/v2\/tags?post=262287"}],"curies":[{"name":"wp","href":"https:\/\/api.w.org\/{rel}","templated":true}]}}