{"id":262243,"date":"2026-09-04T12:07:03","date_gmt":"2026-09-04T15:07:03","guid":{"rendered":"https:\/\/chacosintesis.com.ar\/index.php\/tras-caerse-su-pase-al-barcelona-julian-alvarez-volvio-a-ser-convocado-en-el-atletico-de-madrid\/"},"modified":"2026-09-04T12:07:03","modified_gmt":"2026-09-04T15:07:03","slug":"tras-caerse-su-pase-al-barcelona-julian-alvarez-volvio-a-ser-convocado-en-el-atletico-de-madrid","status":"publish","type":"post","link":"https:\/\/chacosintesis.com.ar\/index.php\/tras-caerse-su-pase-al-barcelona-julian-alvarez-volvio-a-ser-convocado-en-el-atletico-de-madrid\/","title":{"rendered":"Tras caerse su pase al Barcelona, Juli\u00e1n \u00c1lvarez volvi\u00f3 a ser convocado en el Atl\u00e9tico de Madrid"},"content":{"rendered":"<p><\/p>\n<div>\t\t<!-- { REGION4 --> <\/p>\n<header class=\"news-headline\">\n<div class=\"news-headline__topics-and-date-wrapper\">    <span class=\"news-headline__publication-date\"> 4 de septiembre 2026 &#8211; 11:07<br \/>\n            <\/span><\/div>\n<h2 class=\"news-headline__article-summary\"\/>\n<p id=\"p-1788529527209-92716\" class=\"ignore-parser\"> El delantero argentino no pudo salir del Atl\u00e9tico Madrid y ahora volver\u00e1 a jugar para el equipo de Diego Simeone. El propio DT opin\u00f3 sobre la situaci\u00f3n en conferencia de prensa. <\/p>\n<\/header>\n<article class=\"article-body article-body--first-paragraph\" data-td-script-src=\"https:\/\/www.ambito.com\/td\/modulos\/encuestas\/js\/function-embeds-min-version-1788408512.js\">\n<p id=\"p-1788529800337-40812\">Tras definir su futuro en el f\u00fatbol europeo,<strong> Juli\u00e1n \u00c1lvarez<\/strong> volver\u00e1 a estar a disposici\u00f3n del cuerpo t\u00e9cnico del <strong><a href=\"https:\/\/www.ambito.com\/deportes\/se-definio-el-futuro-julian-alvarez-el-atletico-madrid-cual-es-su-decision-y-que-pasara-barcelona-n6317178\" target=\"_blank\" rel=\"follow\">Atl\u00e9tico de Madrid<\/a><\/strong> para el encuentro de este s\u00e1bado ante el <strong>Athletic Club <\/strong>en el <strong>estadio de San Mam\u00e9s<\/strong>, correspondiente a la tercera fecha de la liga espa\u00f1ola.<\/p>\n<\/article>\n<section class=\"suscription-false printed-edition\" style=\"display:none\">\n<p> El contenido al que quiere acceder es exclusivo para suscriptores.<\/p>\n<p>  <span> <button type=\"button\" name=\"button\" class=\"subscribe-btn mercadopago-btn\">suscribirse<\/button><\/span>  <span class=\"btns\"><button type=\"button\" name=\"button\" class=\"subscribe-btn reload-login\"> ya estoy suscripto<\/button><\/span>  <\/p>\n<\/section>\n<article class=\"article-body article-body--second-paragraph\">\n<p id=\"p-1788529800337-30094\">la reaparici\u00f3n del delantero de la <strong>Selecci\u00f3n argentina <\/strong>fue ratificada por el propio<strong> Diego Simeone<\/strong> durante la rueda de prensa previa al traslado hacia el Pa\u00eds Vasco.<\/p>\n<\/article>\n<section class=\"related-news\">\n<div class=\"row row--eq-height\">\n<div class=\"col-12 col-md-6\">\n<article class=\"news-article news-article--landscape-news news-article--landscape-news\">\n<figure class=\"news-article__figure figure\">\t\t<a href=\"https:\/\/www.ambito.com\/deportes\/julian-alvarez-volvio-entrenarse-el-atletico-madrid-plena-incertidumbre-su-futuro-n6316349\" target=\"\" title=\"\u00e1mbito.com | Juli\u00e1n \u00c1lvarez volvi\u00f3 a entrenarse con el Atl\u00e9tico de Madrid en plena incertidumbre por su futuro\" alt=\"\u00e1mbito.com | Juli\u00e1n \u00c1lvarez volvi\u00f3 a entrenarse con el Atl\u00e9tico de Madrid en plena incertidumbre por su futuro\" rel=\"noindex nofollow noreferrer\"><br \/>\n\t\t\t\t\t\t\t\t\t\t\t<img loading=\"lazy\" src=\"https:\/\/chacosintesis.com.ar\/wp-content\/uploads\/2026\/09\/Tras-caerse-su-pase-al-Barcelona-Julian-Alvarez-volvio-a.jpg\" decoding=\"async\" fetchpriority=\"low\" loading=\"lazy\" alt=\"Juli\u00e1n \u00c1lvarez volvi\u00f3 a trabajar con sus compa\u00f1eros despu\u00e9s de varios d\u00edas de ausencia.\" title=\"Juli\u00e1n \u00c1lvarez volvi\u00f3 a trabajar con sus compa\u00f1eros despu\u00e9s de varios d\u00edas de ausencia.\" width=\"93\" height=\"52\" class=\"news-article__figure-img figure-img img-fluid\"\/>\t\t<\/a><\/figure>\n<\/article><\/div>\n<\/div>\n<\/section>\n<article class=\"article-body article-body--third-paragraph\">\n<p id=\"p-1788529800337-1534\"> <strong>\u201cEst\u00e1 entrenando muy bien. Ma\u00f1ana va a venir convocado, va a ser parte del grupo que sale para jugar en Bilbao y esperamos lo mejor de \u00e9l, como de todos sus compa\u00f1eros\u201d<\/strong>, expres\u00f3 el entrenador argentino ante los medios presentes.<\/p>\n<\/article>\n<article class=\"article-body article-body--fourth-paragraph\">\n<div contenteditable=\"false\" class=\"embed_cont type_freetext\" rel=\"freetext\" id=\"embed17_wrap\">\n<div id=\"embed17_content\" class=\"embed_content\">\n<div id=\"embed17_embed\">\n<blockquote data-td-script-src=\"https:\/\/platform.x.com\/widgets.js\" class=\"twitter-tweet\" data-media-max-width=\"560\">\n<p id=\"p-1788529832716-41887\" dir=\"ltr\" lang=\"es\">&#8220;QUEREMOS VERLO FELIZ, QUE EST\u00c9 CONTENTO Y QUE NOS DE GOLES&#8230;&#8221; las palabras del Cholo Simeone sobre JULI\u00c1N \u00c1LVAREZ en Atl\u00e9tico de Madrid. <a href=\"https:\/\/t.co\/SRkjIzTRYJ\">pic.twitter.com\/SRkjIzTRYJ<\/a><\/p>\n<p> \u2014 SportsCenter (@SC_ESPN) <a href=\"https:\/\/x.com\/SC_ESPN\/status\/2095841235374088422?ref_src=twsrc%5Etfw\">September 4, 2026<\/a><\/p><\/blockquote>\n<\/div><\/div>\n<\/p><\/div>\n<p id=\"p-1788529800337-63428\">El retorno del ex <strong>River <\/strong>se da luego de que su futuro qued\u00f3 definido. Pese a los sondeos de <strong><a href=\"https:\/\/www.ambito.com\/deportes\/una-figura-del-barcelona-y-campeon-espana-opino-el-caso-julian-alvarez-no-entiendo-lo-del-atletico-n6317808\" target=\"_blank\" rel=\"follow\">Barcelona<\/a><\/strong> y varios equipos de la Premier que no llegaron a buen puerto, el delantero continuar\u00e1 vistiendo la camiseta \u201ccolchonera\u201d durante la temporada <strong>2026\/27<\/strong>.<\/p>\n<\/article>\n<article class=\"article-body article-body--fifth-paragraph\">\n<p id=\"p-1788529800337-62471\">La \u201cAra\u00f1a\u201d apenas sum\u00f3 33 minutos frente al <strong>Villarreal<\/strong> en lo que va del segundo semestre con el<strong> Atl\u00e9tico de Madrid<\/strong>, debido al conflicto que protagoniz\u00f3 mientras defin\u00eda su carrera futbol\u00edstica. <\/p>\n<\/article>\n<article class=\"article-body article-body--remaining-paragraph\">\n<p id=\"p-1788529800337-81208\">Adem\u00e1s, se reincorpor\u00f3 tarde a los trabajos de pretemporada por su participaci\u00f3n en el<strong> Mundial 2026<\/strong>, lo que le impidi\u00f3 jugar la fecha inicial ante el <strong>M\u00e1laga,<\/strong> y por un problema de salud que lo margin\u00f3 de las pr\u00e1cticas durante tres jornadas consecutivas y de la \u00faltima visita a <strong>Sevilla.<\/strong><\/p>\n<p id=\"p-1788529800337-30121\">En cuanto al panorama general del plantel dirigido por <strong>Diego Simeone <\/strong>para la cuarta jornada del torneo local, la lista de ausencias se reduce \u00fanicamente al noruego <strong>Alexander S\u00f8rloth<\/strong>, quien todav\u00eda realiza tareas de rehabilitaci\u00f3n por una dolencia muscular.<\/p>\n<\/article>\n<p>\t\t<!-- REGION4 } --><\/div>\n<p><script async src=\"\/\/platform.twitter.com\/widgets.js\" charset=\"utf-8\"><\/script><script>\n!function(f,b,e,v,n,t,s)\n{if(f.fbq)return;n=f.fbq=function(){n.callMethod?\nn.callMethod.apply(n,arguments):n.queue.push(arguments)};\nif(!f._fbq)f._fbq=n;n.push=n;n.loaded=!0;n.version='2.0';\nn.queue=[];t=b.createElement(e);t.async=!0;\nt.src=v;s=b.getElementsByTagName(e)[0];\ns.parentNode.insertBefore(t,s)}(window,document,'script',\n'https:\/\/connect.facebook.net\/en_US\/fbevents.js');\nfbq('init', '2047048335588113');\nfbq('track', 'PageView');\n<\/script><\/p>\n<p>Ambito.-<\/p>\n","protected":false},"excerpt":{"rendered":"<p>4 de septiembre 2026 &#8211; 11:07 El delantero argentino no pudo salir del Atl\u00e9tico Madrid y ahora volver\u00e1 a jugar para el equipo de Diego Simeone. El propio DT opin\u00f3 sobre la situaci\u00f3n en conferencia de prensa. Tras definir su futuro en el f\u00fatbol europeo, Juli\u00e1n \u00c1lvarez volver\u00e1 a estar a disposici\u00f3n del cuerpo t\u00e9cnico [&hellip;]<\/p>\n","protected":false},"author":1,"featured_media":262244,"comment_status":"closed","ping_status":"","sticky":false,"template":"","format":"standard","meta":{"footnotes":""},"categories":[7],"tags":[1184,1182],"class_list":["post-262243","post","type-post","status-publish","format-standard","has-post-thumbnail","category-deportes","tag-atlu00e9tico-de-madrid","tag-juliu00e1n-u00c1lvarez"],"_links":{"self":[{"href":"https:\/\/chacosintesis.com.ar\/index.php\/wp-json\/wp\/v2\/posts\/262243","targetHints":{"allow":["GET"]}}],"collection":[{"href":"https:\/\/chacosintesis.com.ar\/index.php\/wp-json\/wp\/v2\/posts"}],"about":[{"href":"https:\/\/chacosintesis.com.ar\/index.php\/wp-json\/wp\/v2\/types\/post"}],"author":[{"embeddable":true,"href":"https:\/\/chacosintesis.com.ar\/index.php\/wp-json\/wp\/v2\/users\/1"}],"replies":[{"embeddable":true,"href":"https:\/\/chacosintesis.com.ar\/index.php\/wp-json\/wp\/v2\/comments?post=262243"}],"version-history":[{"count":0,"href":"https:\/\/chacosintesis.com.ar\/index.php\/wp-json\/wp\/v2\/posts\/262243\/revisions"}],"wp:featuredmedia":[{"embeddable":true,"href":"https:\/\/chacosintesis.com.ar\/index.php\/wp-json\/wp\/v2\/media\/262244"}],"wp:attachment":[{"href":"https:\/\/chacosintesis.com.ar\/index.php\/wp-json\/wp\/v2\/media?parent=262243"}],"wp:term":[{"taxonomy":"category","embeddable":true,"href":"https:\/\/chacosintesis.com.ar\/index.php\/wp-json\/wp\/v2\/categories?post=262243"},{"taxonomy":"post_tag","embeddable":true,"href":"https:\/\/chacosintesis.com.ar\/index.php\/wp-json\/wp\/v2\/tags?post=262243"}],"curies":[{"name":"wp","href":"https:\/\/api.w.org\/{rel}","templated":true}]}}