{"id":26222,"date":"2023-09-02T16:41:37","date_gmt":"2023-09-02T19:41:37","guid":{"rendered":"https:\/\/chacosintesis.com.ar\/?p=26222"},"modified":"2023-09-02T17:07:38","modified_gmt":"2023-09-02T20:07:38","slug":"la-comunidad-de-castelli-cuenta-con-dos-nuevos-salones-comunitarios","status":"publish","type":"post","link":"https:\/\/chacosintesis.com.ar\/index.php\/la-comunidad-de-castelli-cuenta-con-dos-nuevos-salones-comunitarios\/","title":{"rendered":"La comunidad de Castelli cuenta con dos nuevos salones comunitarios"},"content":{"rendered":"<div class=\"postie-post\">Con el acompa\u00f1amiento de la vicegobernadora, Anal\u00eda Rach Quiroga, se puso en funcionamiento esta obra, con el objetivo de promover la inclusi\u00f3n ciudadana y fomentar actividades recreativas, culturales, deportivas y educativas.<br \/>\nEn Juan Jos\u00e9 Castelli, la vicegobernadora Anal\u00eda Rach Quiroga junto al intendente P\u00edo Sander y la ministra de Desarrollo Social, Mar\u00eda P\u00eda Chiacchio Cavana, inauguraron dos salones comunitarios en los barrios Curishi y Chacra 66, de la localidad. Tambi\u00e9n recorrieron las obras en ejecuci\u00f3n del Mercado Popular y de un centro de elaboraci\u00f3n de dulces y pickles en Zaparinqui. Al inicio de la jornada, en el marco del \u201cD\u00eda del Ladrillero\u201d, entregaron elementos y herramientas y compartieron un almuerzo con familias del sector. La vicegobernadora destac\u00f3 la \u201ctransformaci\u00f3n de Juan Jos\u00e9 Castelli\u201d, desde el inicio de la gesti\u00f3n de Capitanich, en 2007, y record\u00f3 y reafirm\u00f3 el cumplimiento de los compromisos asumidos por el gobernador, \u201ccompromisos enormes y profundos que ten\u00edan que ver con necesidades estructurales de nuestra provincia y que se est\u00e1n ejecutando\u201d, destac\u00f3.<\/p>\n<p>Salones comunitarios<\/p>\n<p>Acompa\u00f1ado de la comunidad, Rach Quiroga inaugur\u00f3 los salones comunitarios de los barrios Curishi y Chacra 66. \u201cSer\u00e1n espacios que promuevan la integraci\u00f3n e inclusi\u00f3n ciudadana. Pero, adem\u00e1s, tienen como objetivo fomentar actividades recreativas, culturales, deportivas y educativas\u201d, destac\u00f3. Asimismo, inform\u00f3 que se trabaja para que los centros \u201csean tambi\u00e9n centros de desarrollo digital que puedan facilitarle la vida a la gente, garantizando la ejecuci\u00f3n y el acceso a derechos de todas y todos\u201d. A su turno, la ministra Chiachio Cavana record\u00f3 que las intervenciones se ejecutaron a partir de un pedido del intendente y de una comunidad, \u201cque estaba preocupada por ver edificios abandonados\u201d. De este modo, celebr\u00f3 que, a partir del compromiso provincial, \u201cestos lugares, en vez de ser espacios oscuros que nadie ocupe y generen inseguridad en el barrio, pasen a ser espacios deportivos, espacios de vida, espacios de trabajo\u201d y sirvan a la comunidad para practicar deportes, garantizar derechos o aprender Oficios. Durante su alocuci\u00f3n, el intendente P\u00edo Sander agradeci\u00f3 al Gobierno Provincial el acompa\u00f1amiento y el llegar pol\u00edticas p\u00fablicas \u201ca diferentes sectores de la sociedad de Castelli y la zona\u201d. Adem\u00e1s, inform\u00f3 que los salones comunitarios inaugurados se suman a otros cuatro espacios ya inaugurados y que \u201cson lugares muy valiosos e importantes para la comuna, porque son lugares donde las y los vecinos se capacitan en oficios\u201d, afirm\u00f3.<\/p>\n<p>Festejos con la familia ladrillera<\/p>\n<p>Acompa\u00f1ada por el Intendente local y ministra Chiacchio Cavana, y la presidenta del Concejo Municipal, Soledad Rach Quiroga, la vicegobernadora celebr\u00f3 el D\u00eda del Ladrillero, compartiendo un almuerzo con trabajadores y trabajadoras del sector. En ese contexto destac\u00f3 que \u201cdesde el Gobierno provincial y con el firme compromiso de la Municipalidad Juan Jos\u00e9 Castelli logramos afianzar el parque ladrillero, sumar herramientas y construir viviendas para m\u00e1s familias\u201d. En esa l\u00ednea, resalt\u00f3 el \u00e9nfasis que el gobernador pone en la cadena vinculada al sector de ladrilleros y ladrilleras en la provincia, su insistencia en el registro, el monotributo, la organizaci\u00f3n en consorcios, \u201ccon una manera de poder entender que es en red y colectivamente que se puede mejorar, que pod\u00edan mejorar la producci\u00f3n, que pod\u00edan vender mejor&#8221;, afirm\u00f3. \u201cDetr\u00e1s de cada casa, cada barrio o edificio, est\u00e1 el esfuerzo y la paciencia de las y los ladrilleros que como Do\u00f1a Catalina dedican su vida a sumar su trabajo para cumplir m\u00e1s sue\u00f1os\u201d, expres\u00f3, ratificando a las familias ladrilleras \u201cque con esfuerzo se organizaron y avanzaron en la construcci\u00f3n de oportunidades y el acceso a derechos\u201d, concluy\u00f3 Rach Quiroga. Por su parte, la ministra Chiacchio Cavana destac\u00f3 el \u201cmerecido reconocimiento al trabajo artesanal, al esfuerzo y la destreza\u201d, de quienes forman parte de los tres consorcios de servicios de la localidad. En ese contexto celebr\u00f3 \u201cque P\u00edo (Sander) haya creado la Secretar\u00eda de Econom\u00eda Popular, que haya reconocido desde el primer momento de su gesti\u00f3n el trabajo de los ladrilleros, defini\u00e9ndolos como \u201cparte esencial de nuestro plan de gobierno\u201d de 20.000 viviendas dignas con ladrillos chaque\u00f1os. A su turno, Catalina Franco, matriarca ladrillera con m\u00e1s de 26 a\u00f1os en el rubro, agradeci\u00f3 el esfuerzo de las autoridades provinciales y las municipales, especialmente el agua \u201cson los que me ayudan a hacer mi material\u201d, reconoci\u00f3. En tanto que Carlos L\u00f3pez, presidente del Consorcio de Ladrilleros de Castelli, agradeci\u00f3 las seis viviendas que se est\u00e1n ejecutando para familias del sector, a trav\u00e9s del Ejecutivo provincial, y la primera m\u00e1quina cortadora, arengando a sus colegas a ir por m\u00e1s y \u201cseguir todos juntos, hacia adelante\u201d. El intendente Sander agradeci\u00f3 el esfuerzo y compromiso a los primeros trabajadores que \u201chan hecho Castelli\u201d, porque \u201cfueron parte de la producci\u00f3n de cada uno de los ladrillos de nuestra ciudad\u201d, y recordando \u00e9sta fue la primera localidad en crear un Parque para Ladrilleros para el desarrollo de sus actividades. Remarc\u00f3 la importancia de trabajar junto al Gobierno Provincial para \u201celevar la calidad de vida\u201d del sector y \u201cque puedan seguir recibiendo beneficios\u201d. \u201cQue sigamos, como nos impulsa el Gobernador, a seguir construyendo viviendas y veredas con ladrillos de ladrilleros de la zona, generar m\u00e1s empleo y que esos ingresos sirvan para comprar alimento, vestirse y mandar a sus hijos a la escuela\u201d, concluy\u00f3 Sander.<\/p>\n<p>Obras para fortalecer la producci\u00f3n local<\/p>\n<p>En el marco de su agenda en Juan Jos\u00e9 Castelli, la vicegobernadora constat\u00f3 el avance de las obras del Mercado Popular y centro de elaboraci\u00f3n de dulces en el paraje Zaparinqui, que pr\u00f3ximamente inaugurar\u00e1 junto al gobernador. \u201cJuan Jos\u00e9 Castelli y las zonas aleda\u00f1as se caracteriza por su producci\u00f3n org\u00e1nica y de calidad. Con infraestructura adecuada, vamos a mejorar la capacidad productiva y seguir fortaleciendo las econom\u00edas locales que transforman a las comunidades para siempre\u201d, expres\u00f3.<\/p><\/div>\n","protected":false},"excerpt":{"rendered":"<p>Con el acompa\u00f1amiento de la vicegobernadora, Anal\u00eda Rach Quiroga, se puso en funcionamiento esta obra, con el objetivo de promover la inclusi\u00f3n ciudadana y fomentar actividades recreativas, culturales, deportivas y educativas. En Juan Jos\u00e9 Castelli, la vicegobernadora Anal\u00eda Rach Quiroga junto al intendente P\u00edo Sander y la ministra de Desarrollo Social, Mar\u00eda P\u00eda Chiacchio Cavana, [&hellip;]<\/p>\n","protected":false},"author":1,"featured_media":26223,"comment_status":"closed","ping_status":"closed","sticky":false,"template":"","format":"standard","meta":{"footnotes":""},"categories":[6],"tags":[],"class_list":{"0":"post-26222","1":"post","2":"type-post","3":"status-publish","4":"format-standard","5":"has-post-thumbnail","7":"category-chaco"},"_links":{"self":[{"href":"https:\/\/chacosintesis.com.ar\/index.php\/wp-json\/wp\/v2\/posts\/26222","targetHints":{"allow":["GET"]}}],"collection":[{"href":"https:\/\/chacosintesis.com.ar\/index.php\/wp-json\/wp\/v2\/posts"}],"about":[{"href":"https:\/\/chacosintesis.com.ar\/index.php\/wp-json\/wp\/v2\/types\/post"}],"author":[{"embeddable":true,"href":"https:\/\/chacosintesis.com.ar\/index.php\/wp-json\/wp\/v2\/users\/1"}],"replies":[{"embeddable":true,"href":"https:\/\/chacosintesis.com.ar\/index.php\/wp-json\/wp\/v2\/comments?post=26222"}],"version-history":[{"count":0,"href":"https:\/\/chacosintesis.com.ar\/index.php\/wp-json\/wp\/v2\/posts\/26222\/revisions"}],"wp:featuredmedia":[{"embeddable":true,"href":"https:\/\/chacosintesis.com.ar\/index.php\/wp-json\/wp\/v2\/media\/26223"}],"wp:attachment":[{"href":"https:\/\/chacosintesis.com.ar\/index.php\/wp-json\/wp\/v2\/media?parent=26222"}],"wp:term":[{"taxonomy":"category","embeddable":true,"href":"https:\/\/chacosintesis.com.ar\/index.php\/wp-json\/wp\/v2\/categories?post=26222"},{"taxonomy":"post_tag","embeddable":true,"href":"https:\/\/chacosintesis.com.ar\/index.php\/wp-json\/wp\/v2\/tags?post=26222"}],"curies":[{"name":"wp","href":"https:\/\/api.w.org\/{rel}","templated":true}]}}