{"id":26220,"date":"2023-09-02T16:38:08","date_gmt":"2023-09-02T19:38:08","guid":{"rendered":"https:\/\/chacosintesis.com.ar\/?p=26220"},"modified":"2023-09-02T17:07:33","modified_gmt":"2023-09-02T20:07:33","slug":"inauguraron-la-planta-textil-altotek-para-la-confeccion-de-prendas-de-vestir-en-denim-mas-importante-de-la-provincia","status":"publish","type":"post","link":"https:\/\/chacosintesis.com.ar\/index.php\/inauguraron-la-planta-textil-altotek-para-la-confeccion-de-prendas-de-vestir-en-denim-mas-importante-de-la-provincia\/","title":{"rendered":"Inauguraron la Planta Textil Altotek, para la confecci\u00f3n de prendas de vestir en denim m\u00e1s importante de la provincia"},"content":{"rendered":"<div class=\"postie-post\">Esta obra genera 120 empleos directos y tiene una producci\u00f3n mensual de 18.000 pantalones, 15.000 remeras lisas de algod\u00f3n, 50.000 prendas lavadas por turno.<br \/>\nEl gobernador Jorge Capitanich particip\u00f3 este s\u00e1bado de la inauguraci\u00f3n de la Planta Textil Altotek en el Parque Industrial de Puerto Tirol.<br \/>\nSe trata de una empresa que produce prendas de vestir a gran escala y que tuvo una inversi\u00f3n de USD 2.000.000,00. Esta obra genera 120 empleos directos y tiene una producci\u00f3n mensual de 18.000 pantalones, 15.000 remeras lisas de algod\u00f3n, 50.000 prendas lavadas por turno.<br \/>\nEsta Planta provee de indumentaria para reconocidas marcas, como Forever 21, Joma, Tascani, entre otras.<br \/>\nAdicionalmente comercializar\u00e1n con marcas propias en el centro comercial m\u00e1s grande de la regi\u00f3n, pronto a inaugurarse &#8220;La gran Dulce&#8221;.<br \/>\nEl presidente de Altotek, Rodrigo Ojeda, manifest\u00f3 que esta industria textil representa para el Chaco, para la regi\u00f3n y para el sector empresario, es un acontecimiento muy importante, \u201cporque adem\u00e1s de inaugurar una de las plantas de confecci\u00f3n textil m\u00e1s grande del Nordeste, tenemos la suerte de contar con el lavadero industrial textil de gran escala m\u00e1s importante del pa\u00eds\u201d.<br \/>\nEn este sentido, el empresario destac\u00f3 que esta Planta \u201cno s\u00f3lo va a generar puestos de trabajo directo, sino que adem\u00e1s vamos a reactivar aquellos talleres textiles que estaban sin trabajo, porque el lavado del denim es un proceso importante y vamos a potenciar aquellos talleres textiles regionales que van a  poder contar con el lavado de las prendas\u201d.<br \/>\nPor su parte, el gobernador del Chaco, Jorge Capitanich, destac\u00f3 que &#8220;esta planta es una de las cuatro que existen en la Rep\u00fablica Argentina y la m\u00e1s importante del Norte Grande&#8221;. En este sentido, el mandatario detall\u00f3 que se comenzar\u00e1 un programa de 120 empleos, \u201cque ser\u00e1n 750 empleos directos e indirectos de forma progresiva. Eso significa que mucho empleo joven se integra en el proceso de igualdad de oportunidades\u201d.<br \/>\nCapitanich expres\u00f3 que \u201cesto signific\u00f3 un enorme sue\u00f1o, que es poder tener la cadena textil absolutamente integrada\u201d.<br \/>\nCapitanich detall\u00f3 que Chaco tiene aproximadamente 69 emprendedores de la moda y \u201ctenemos cerca de 1300 trabajadores en distintos talleres textiles, adem\u00e1s de 3300 en formaci\u00f3n, porque entendemos que la industria y toda la cadena textil deber\u00eda tener cerca de 10. 000 empleos\u201d.<br \/>\nEl gobernador dijo que \u201cesto  significa, no solamente producir algod\u00f3n, sino luego la fibra, el hilado y tejido, hasta la tela y luego las prendas correspondientes\u201d.<br \/>\nSe trata del \u201cdesarrollo de una cadena de valor integrada con cerca de 10 mil empleos de buena calidad\u201d, y a\u00f1adi\u00f3 que \u201cestamos adquiriendo un prestigio internacional extraordinario\u201d, ya que \u201ccada trabajador y trabajadora aqu\u00ed va a generar una prenda de vestir de muy buena calidad para el mercado dom\u00e9stico argentino\u201d.<\/div>\n","protected":false},"excerpt":{"rendered":"<p>Esta obra genera 120 empleos directos y tiene una producci\u00f3n mensual de 18.000 pantalones, 15.000 remeras lisas de algod\u00f3n, 50.000 prendas lavadas por turno. El gobernador Jorge Capitanich particip\u00f3 este s\u00e1bado de la inauguraci\u00f3n de la Planta Textil Altotek en el Parque Industrial de Puerto Tirol. Se trata de una empresa que produce prendas de [&hellip;]<\/p>\n","protected":false},"author":1,"featured_media":26221,"comment_status":"closed","ping_status":"closed","sticky":false,"template":"","format":"standard","meta":{"footnotes":""},"categories":[6],"tags":[],"class_list":{"0":"post-26220","1":"post","2":"type-post","3":"status-publish","4":"format-standard","5":"has-post-thumbnail","7":"category-chaco"},"_links":{"self":[{"href":"https:\/\/chacosintesis.com.ar\/index.php\/wp-json\/wp\/v2\/posts\/26220","targetHints":{"allow":["GET"]}}],"collection":[{"href":"https:\/\/chacosintesis.com.ar\/index.php\/wp-json\/wp\/v2\/posts"}],"about":[{"href":"https:\/\/chacosintesis.com.ar\/index.php\/wp-json\/wp\/v2\/types\/post"}],"author":[{"embeddable":true,"href":"https:\/\/chacosintesis.com.ar\/index.php\/wp-json\/wp\/v2\/users\/1"}],"replies":[{"embeddable":true,"href":"https:\/\/chacosintesis.com.ar\/index.php\/wp-json\/wp\/v2\/comments?post=26220"}],"version-history":[{"count":0,"href":"https:\/\/chacosintesis.com.ar\/index.php\/wp-json\/wp\/v2\/posts\/26220\/revisions"}],"wp:featuredmedia":[{"embeddable":true,"href":"https:\/\/chacosintesis.com.ar\/index.php\/wp-json\/wp\/v2\/media\/26221"}],"wp:attachment":[{"href":"https:\/\/chacosintesis.com.ar\/index.php\/wp-json\/wp\/v2\/media?parent=26220"}],"wp:term":[{"taxonomy":"category","embeddable":true,"href":"https:\/\/chacosintesis.com.ar\/index.php\/wp-json\/wp\/v2\/categories?post=26220"},{"taxonomy":"post_tag","embeddable":true,"href":"https:\/\/chacosintesis.com.ar\/index.php\/wp-json\/wp\/v2\/tags?post=26220"}],"curies":[{"name":"wp","href":"https:\/\/api.w.org\/{rel}","templated":true}]}}