{"id":262151,"date":"2026-09-04T11:07:04","date_gmt":"2026-09-04T14:07:04","guid":{"rendered":"https:\/\/chacosintesis.com.ar\/index.php\/mendoza-reabre-el-paso-cristo-redentor-para-todo-tipo-de-vehiculos\/"},"modified":"2026-09-04T11:07:04","modified_gmt":"2026-09-04T14:07:04","slug":"mendoza-reabre-el-paso-cristo-redentor-para-todo-tipo-de-vehiculos","status":"publish","type":"post","link":"https:\/\/chacosintesis.com.ar\/index.php\/mendoza-reabre-el-paso-cristo-redentor-para-todo-tipo-de-vehiculos\/","title":{"rendered":"Mendoza: reabre el paso Cristo Redentor para todo tipo de veh\u00edculos"},"content":{"rendered":"<p><\/p>\n<div>\n<p>El tr\u00e1nsito por el paso Cristo Redentor, que une la Argentina y Chile, quedar\u00e1 rehabilitado este viernes para la circulaci\u00f3n de todo tipo de veh\u00edculos, luego de varios d\u00edas de interrupci\u00f3n debido a las malas condiciones clim\u00e1ticas, seg\u00fan confirmaron autoridades de ambos pa\u00edses.<\/p>\n<p>Por lo tanto, el cruce fronterizo operar\u00e1 nuevamente en el horario de invierno, es decir de 9 a 21 (hora de Argentina) y de 8 a 20 (hora de Chile).<\/p>\n<p>El paso hab\u00eda sido cerrado este mi\u00e9rcoles, de manera preventiva, como consecuencia del mal tiempo que se registraba en la zona de alta monta\u00f1a, seg\u00fan supo la agencia Noticias Argentinas.<\/p>\n<div class=\"newsletter\">\n<p class=\"newsletter__titulo\"> Recib\u00ed los Newsletters de La Nueva <span class=\"blanco\">sin costo<\/span> <\/p>\n<form method=\"POST\" class=\"search-lightbox__form\" action-xhr=\"https:\/\/www.lanueva.com\/suscripcion_amp\" target=\"_top\">\n<p> <template type=\"amp-mustache\"> {{msj}} <\/template> <\/p>\n<p> <template type=\"amp-mustache\"> {{msj}} <\/template> <\/p>\n<p> <amp-recaptcha-input layout=\"nodisplay\" name=\"g-recaptcha-response\" data-sitekey=\"6LfgkyEhAAAAALWAPV1E8JgXNLwb5Zq0ugONXmGI\" data-action=\"token\" class=\"i-amphtml-layout-nodisplay\" hidden=\"hidden\" i-amphtml-layout=\"nodisplay\"> <\/amp-recaptcha-input> <\/form>\n<\/p><\/div>\n<p>Asimismo, y para organizar el flujo vehicular, las autoridades dispusieron el corte de tr\u00e1nsito en la localidad de Uspallata a partir de esta tarde.<\/p>\n<p>En tanto, las autoridades del centro de frontera recomendaron a los usuarios planificar el cruce con antelaci\u00f3n ante las condiciones de circulaci\u00f3n. Asimismo, recordaron que las actualizaciones sobre el estado de la ruta se publican de forma peri\u00f3dica en los canales web del sitio oficial del organismo.<\/p>\n<h3 class=\"subtitulo_en_cuerpo\">Qu\u00e9 horario tendr\u00e1 el paso Cristo Redentor<\/h3>\n<p>Con la reapertura volver\u00e1 a regir el horario de invierno. Del lado argentino, el complejo fronterizo funcionar\u00e1 de 9 a 21, mientras que en Chile permanecer\u00e1 operativo de 8 a 20, de acuerdo con el horario de ese pa\u00eds.<\/p>\n<p>La habilitaci\u00f3n alcanzar\u00e1 a veh\u00edculos particulares, transporte de pasajeros y cargas, permitiendo normalizar progresivamente el movimiento entre ambos pa\u00edses.<\/p>\n<p>Para ordenar el flujo vehicular previo a la reapertura, las autoridades dispusieron adem\u00e1s un corte de tr\u00e1nsito en Uspallata.<\/p>\n<\/p><\/div>\n","protected":false},"excerpt":{"rendered":"<p>El tr\u00e1nsito por el paso Cristo Redentor, que une la Argentina y Chile, quedar\u00e1 rehabilitado este viernes para la circulaci\u00f3n de todo tipo de veh\u00edculos, luego de varios d\u00edas de interrupci\u00f3n debido a las malas condiciones clim\u00e1ticas, seg\u00fan confirmaron autoridades de ambos pa\u00edses. Por lo tanto, el cruce fronterizo operar\u00e1 nuevamente en el horario de [&hellip;]<\/p>\n","protected":false},"author":1,"featured_media":262152,"comment_status":"","ping_status":"","sticky":false,"template":"","format":"standard","meta":{"footnotes":""},"categories":[8],"tags":[],"class_list":["post-262151","post","type-post","status-publish","format-standard","has-post-thumbnail","category-nacionales"],"_links":{"self":[{"href":"https:\/\/chacosintesis.com.ar\/index.php\/wp-json\/wp\/v2\/posts\/262151","targetHints":{"allow":["GET"]}}],"collection":[{"href":"https:\/\/chacosintesis.com.ar\/index.php\/wp-json\/wp\/v2\/posts"}],"about":[{"href":"https:\/\/chacosintesis.com.ar\/index.php\/wp-json\/wp\/v2\/types\/post"}],"author":[{"embeddable":true,"href":"https:\/\/chacosintesis.com.ar\/index.php\/wp-json\/wp\/v2\/users\/1"}],"replies":[{"embeddable":true,"href":"https:\/\/chacosintesis.com.ar\/index.php\/wp-json\/wp\/v2\/comments?post=262151"}],"version-history":[{"count":0,"href":"https:\/\/chacosintesis.com.ar\/index.php\/wp-json\/wp\/v2\/posts\/262151\/revisions"}],"wp:featuredmedia":[{"embeddable":true,"href":"https:\/\/chacosintesis.com.ar\/index.php\/wp-json\/wp\/v2\/media\/262152"}],"wp:attachment":[{"href":"https:\/\/chacosintesis.com.ar\/index.php\/wp-json\/wp\/v2\/media?parent=262151"}],"wp:term":[{"taxonomy":"category","embeddable":true,"href":"https:\/\/chacosintesis.com.ar\/index.php\/wp-json\/wp\/v2\/categories?post=262151"},{"taxonomy":"post_tag","embeddable":true,"href":"https:\/\/chacosintesis.com.ar\/index.php\/wp-json\/wp\/v2\/tags?post=262151"}],"curies":[{"name":"wp","href":"https:\/\/api.w.org\/{rel}","templated":true}]}}