{"id":262149,"date":"2026-09-04T11:06:02","date_gmt":"2026-09-04T14:06:02","guid":{"rendered":"https:\/\/chacosintesis.com.ar\/index.php\/se-cumplen-12-anos-de-la-muerte-de-gustavo-cerati_a6a9ab3ab932dd641a7805af6\/"},"modified":"2026-09-04T11:06:02","modified_gmt":"2026-09-04T14:06:02","slug":"se-cumplen-12-anos-de-la-muerte-de-gustavo-cerati_a6a9ab3ab932dd641a7805af6","status":"publish","type":"post","link":"https:\/\/chacosintesis.com.ar\/index.php\/se-cumplen-12-anos-de-la-muerte-de-gustavo-cerati_a6a9ab3ab932dd641a7805af6\/","title":{"rendered":"Se cumplen 12 a\u00f1os de la muerte de Gustavo Cerati"},"content":{"rendered":"<p><img decoding=\"async\" src=\"https:\/\/chacosintesis.com.ar\/wp-content\/uploads\/2026\/09\/Se-cumplen-12-anos-de-la-muerte-de-Gustavo-Cerati.jpeg\" \/><\/p>\n<div itemprop=\"articleBody\">\n<p>Buenos Aires, 4 septiembre (NA) &#8212; Se cumplen<strong> 12 a\u00f1os <\/strong>del fallecimiento del legendario cantante argentino <strong>Gustavo Cerati<\/strong>, a sus 55 a\u00f1os, luego de permanecer <span><strong>en coma durante 1571 d\u00edas <\/strong>tras sufrir un ACV despu\u00e9s de una presentaci\u00f3n musical en Venezuela.<\/span><\/p>\n<p>El emblema argentino y uno de los artistas m\u00e1s influyentes del rock latinoamericano brind\u00f3, sin saberlo, <strong>su \u00faltimo show el pasado 15 de mayo de 2010 <\/strong>en Caracas, en el marco de su gira internacional <i>Fuerza Natural<\/i>, su quinto \u00e1lbum como solista tras dejar Soda Stereo.\u00a0<\/p>\n<p>&#8220;Lago en el cielo&#8221; fue la \u00faltima canci\u00f3n que el artista cant\u00f3 en su vida, recordaron los presentes de aquella noche.\u00a0<\/p>\n<p>Una vez finalizada la presentaci\u00f3n musical, que Cerati describ\u00eda como una s\u00edntesis de toda su trayectoria, el artista sufri\u00f3 un ACV en el backstage del concierto y fue trasladado de urgencia al Centro M\u00e9dico La Trinidad de Venezuela. El diagn\u00f3stico confirm\u00f3 que<strong> el artista sufri\u00f3 un accidente cerebrovascular (ACV) de tipo isqu\u00e9mico, que afect\u00f3 el hemisferio izquierdo y da\u00f1\u00f3 el tronco encef\u00e1lico.\u00a0<\/strong><\/p>\n<p><tadevel-ad  class=\"block-4d\" slot-id=\"article-inline-01\"\/><\/p>\n<p>Cerati recuper\u00f3 la conciencia durante las primeras horas y, aunque no pod\u00eda comunicarse, pod\u00eda gesticular y comer con ayuda, recuerdan los presentes. El cuadro se complic\u00f3 d\u00edas despu\u00e9s \u2014el 17 de mayo, para ser exactos\u2014 cuando le descubrieron un edema cerebral que no pudieron revertir con cirug\u00eda y<strong> cay\u00f3 en coma. \u00a0<\/strong><\/p>\n<p>El 7 de junio de 2010 su cuerpo fue trasladado a Buenos Aires para continuar la internaci\u00f3n en el centro especializado en neurolog\u00eda FLENI, donde permaneci\u00f3 durante cuatro meses. En octubre pas\u00f3 a ser trasladado a <span>la Cl\u00ednica ALCLA donde se hosped\u00f3 hasta sus \u00faltimos d\u00edas.<\/span><\/p>\n<p><span>Los a\u00f1os avanzaron y su cuadro no presentaba signos de evoluci\u00f3n. Finalmente, su muerte se produjo el 4 de septiembre de 2014, despu\u00e9s de <strong>1571 d\u00edas\u00a0en coma, <\/strong>y conmocion\u00f3 a todo el pa\u00eds que velaba por la recuperaci\u00f3n del artista.<\/span><\/p>\n<p><tadevel-ad  class=\"block-4d\" slot-id=\"article-inline-02\"\/><\/p>\n<p><strong>\u201cComunicamos que hoy en horas de la ma\u00f1ana falleci\u00f3 el paciente Gustavo Cerati como consecuencia de un paro respiratorio&#8221;, anunciaba hace doce a\u00f1os<\/strong>, a las 13:48, el m\u00e9dico Gustavo Barbalace de la Cl\u00ednica ALCLA.<\/p>\n<p>Agencia NA\u00a0<\/p>\n<\/div>\n<p><img decoding=\"async\" src=\"https:\/\/chacosintesis.com.ar\/wp-content\/uploads\/2026\/09\/1788530762_341_Se-cumplen-12-anos-de-la-muerte-de-Gustavo-Cerati.jpeg\"><\/p>\n<p>Noticias Argentinas<\/p>\n","protected":false},"excerpt":{"rendered":"<p>Buenos Aires, 4 septiembre (NA) &#8212; Se cumplen 12 a\u00f1os del fallecimiento del legendario cantante argentino Gustavo Cerati, a sus 55 a\u00f1os, luego de permanecer en coma durante 1571 d\u00edas tras sufrir un ACV despu\u00e9s de una presentaci\u00f3n musical en Venezuela. El emblema argentino y uno de los artistas m\u00e1s influyentes del rock latinoamericano brind\u00f3, [&hellip;]<\/p>\n","protected":false},"author":1,"featured_media":262150,"comment_status":"closed","ping_status":"","sticky":false,"template":"","format":"standard","meta":{"footnotes":""},"categories":[188],"tags":[],"class_list":["post-262149","post","type-post","status-publish","format-standard","has-post-thumbnail","category-farandula"],"_links":{"self":[{"href":"https:\/\/chacosintesis.com.ar\/index.php\/wp-json\/wp\/v2\/posts\/262149","targetHints":{"allow":["GET"]}}],"collection":[{"href":"https:\/\/chacosintesis.com.ar\/index.php\/wp-json\/wp\/v2\/posts"}],"about":[{"href":"https:\/\/chacosintesis.com.ar\/index.php\/wp-json\/wp\/v2\/types\/post"}],"author":[{"embeddable":true,"href":"https:\/\/chacosintesis.com.ar\/index.php\/wp-json\/wp\/v2\/users\/1"}],"replies":[{"embeddable":true,"href":"https:\/\/chacosintesis.com.ar\/index.php\/wp-json\/wp\/v2\/comments?post=262149"}],"version-history":[{"count":0,"href":"https:\/\/chacosintesis.com.ar\/index.php\/wp-json\/wp\/v2\/posts\/262149\/revisions"}],"wp:featuredmedia":[{"embeddable":true,"href":"https:\/\/chacosintesis.com.ar\/index.php\/wp-json\/wp\/v2\/media\/262150"}],"wp:attachment":[{"href":"https:\/\/chacosintesis.com.ar\/index.php\/wp-json\/wp\/v2\/media?parent=262149"}],"wp:term":[{"taxonomy":"category","embeddable":true,"href":"https:\/\/chacosintesis.com.ar\/index.php\/wp-json\/wp\/v2\/categories?post=262149"},{"taxonomy":"post_tag","embeddable":true,"href":"https:\/\/chacosintesis.com.ar\/index.php\/wp-json\/wp\/v2\/tags?post=262149"}],"curies":[{"name":"wp","href":"https:\/\/api.w.org\/{rel}","templated":true}]}}