{"id":26214,"date":"2023-09-02T16:33:19","date_gmt":"2023-09-02T19:33:19","guid":{"rendered":"https:\/\/chacosintesis.com.ar\/?p=26214"},"modified":"2023-09-02T16:37:59","modified_gmt":"2023-09-02T19:37:59","slug":"capitanich-se-reunio-con-referentes-de-la-uta-para-fortalecer-el-transporte-publico","status":"publish","type":"post","link":"https:\/\/chacosintesis.com.ar\/index.php\/capitanich-se-reunio-con-referentes-de-la-uta-para-fortalecer-el-transporte-publico\/","title":{"rendered":"Capitanich se reuni\u00f3 con referentes de la UTA para fortalecer el transporte p\u00fablico"},"content":{"rendered":"<div class=\"postie-post\">El mandatario asisti\u00f3 a una asamblea con referentes del organismo que nuclea a los trabajadores del transporte p\u00fablico para realizar un balance de la gesti\u00f3n, escuchar pedidos y definir medidas en beneficio del sector. El gobernador Jorge Capitanich mantuvo este viernes una reuni\u00f3n junto a representantes de la Uni\u00f3n Tranviaria Automotor (UTA) con la finalidad de coordinar una agenda de trabajo en conjunto, poner en valor pol\u00edticas p\u00fablicas que se ejecutaron y escuchar propuestas acerca de pedidos y acciones para acompa\u00f1ar al sector. \u201cCuando tenemos un buen sistema de transporte p\u00fablico de pasajeros los trabajadores tienen la dignidad que se merecen, el Estado regula y garantiza la frecuencia y todos nos beneficiamos. Se beneficia el usuario, el trabajador, la comunidad. En definitiva, se beneficia nuestro pueblo, por eso, estamos aqu\u00ed para agradecerles\u201d, expres\u00f3 el mandatario. Durante la reuni\u00f3n, que se realiz\u00f3 en el predio del organismo, el gobernador realiz\u00f3 un balance de la gesti\u00f3n en relaci\u00f3n a la defensa del servicio p\u00fablico del transporte, recordando medidas como el sostenimiento de las fuentes de trabajo durante la pandemia con el programa Chaco Subsidia, la garant\u00eda de los pagos de sueldos y el di\u00e1logo permanente con los empresarios que acompa\u00f1an el mejoramiento de las condiciones de trabajo, entre otras. En este contexto, el jefe del Ejecutivo, que estuvo acompa\u00f1ado por el ministro de Planificaci\u00f3n, Econom\u00eda e Infraestructura, Santiago Perez Pons, se\u00f1al\u00f3 que \u201ccontinuaremos trabajando para garantizar que todos los meses las familias de los trabajadores puedan contar con salarios justos y equitativos\u201d. Capitanich destac\u00f3 adem\u00e1s la ampliaci\u00f3n y mejora del sistema de transporte p\u00fablico con la mejora de recorridos, aumento de frecuencias y mayor n\u00famero de usuarios. \u201cTenemos entre 9.000 y 10.000 nuevos usuarios. Eso cerca de 60.000 usuarios al mes. Esto es muy positivo porque tiene un impacto en los \u00edndices de siniestralidad, y es un indicador de mejora del servicio\u201d, remarc\u00f3. Por su parte, el ministro Perez Pons hizo hincapi\u00e9 en \u201cla serie de conquistas que juntos hemos logrado. Desde nuestra visi\u00f3n, el gobernador fue uno de los grandes defensores del servicio de transporte p\u00fablico como una actividad esencial, sobre todo en el cuidado de las fuentes de trabajo y la mejora del servicio. Es por eso que, m\u00e1s all\u00e1 de las discusiones que podamos llegar a tener, estos trabajadores saben que cuentan con un equipo que los va a defender\u201d. A su vez, el secretario General de la UTA Chaco, Ra\u00fal Abraham, reconoci\u00f3 el acompa\u00f1amiento de las familias de los trabajadores del organismo y remarc\u00f3 que \u201cel trabajo del Gobierno fue esencial para que el servicio siempre se pueda dar de la mejor manera. Creemos que a trav\u00e9s del di\u00e1logo es como se asumen y tambi\u00e9n se resuelven los problemas que se van planteando, y por eso celebramos esta clase de reuniones\u201d. Finalmente, el subsecretario de Transporte, Tom\u00e1s Yazlle, agradeci\u00f3 la disponibilidad de los trabajadores de la UTA y destac\u00f3 que \u201cvamos a seguir progresando en conjunto porque sabemos que hay \u00edtems en los que hay que seguir trabajando. Nuestro accionar va a continuar centr\u00e1ndose en mejorar las condiciones de trabajo y tambi\u00e9n cumplir en tiempo y forma con los pagos de las paritarias\u201d.<\/div>\n","protected":false},"excerpt":{"rendered":"<p>El mandatario asisti\u00f3 a una asamblea con referentes del organismo que nuclea a los trabajadores del transporte p\u00fablico para realizar un balance de la gesti\u00f3n, escuchar pedidos y definir medidas en beneficio del sector. El gobernador Jorge Capitanich mantuvo este viernes una reuni\u00f3n junto a representantes de la Uni\u00f3n Tranviaria Automotor (UTA) con la finalidad [&hellip;]<\/p>\n","protected":false},"author":1,"featured_media":26215,"comment_status":"closed","ping_status":"closed","sticky":false,"template":"","format":"standard","meta":{"footnotes":""},"categories":[6],"tags":[],"class_list":{"0":"post-26214","1":"post","2":"type-post","3":"status-publish","4":"format-standard","5":"has-post-thumbnail","7":"category-chaco"},"_links":{"self":[{"href":"https:\/\/chacosintesis.com.ar\/index.php\/wp-json\/wp\/v2\/posts\/26214","targetHints":{"allow":["GET"]}}],"collection":[{"href":"https:\/\/chacosintesis.com.ar\/index.php\/wp-json\/wp\/v2\/posts"}],"about":[{"href":"https:\/\/chacosintesis.com.ar\/index.php\/wp-json\/wp\/v2\/types\/post"}],"author":[{"embeddable":true,"href":"https:\/\/chacosintesis.com.ar\/index.php\/wp-json\/wp\/v2\/users\/1"}],"replies":[{"embeddable":true,"href":"https:\/\/chacosintesis.com.ar\/index.php\/wp-json\/wp\/v2\/comments?post=26214"}],"version-history":[{"count":0,"href":"https:\/\/chacosintesis.com.ar\/index.php\/wp-json\/wp\/v2\/posts\/26214\/revisions"}],"wp:featuredmedia":[{"embeddable":true,"href":"https:\/\/chacosintesis.com.ar\/index.php\/wp-json\/wp\/v2\/media\/26215"}],"wp:attachment":[{"href":"https:\/\/chacosintesis.com.ar\/index.php\/wp-json\/wp\/v2\/media?parent=26214"}],"wp:term":[{"taxonomy":"category","embeddable":true,"href":"https:\/\/chacosintesis.com.ar\/index.php\/wp-json\/wp\/v2\/categories?post=26214"},{"taxonomy":"post_tag","embeddable":true,"href":"https:\/\/chacosintesis.com.ar\/index.php\/wp-json\/wp\/v2\/tags?post=26214"}],"curies":[{"name":"wp","href":"https:\/\/api.w.org\/{rel}","templated":true}]}}