{"id":262106,"date":"2026-09-04T10:05:57","date_gmt":"2026-09-04T13:05:57","guid":{"rendered":"https:\/\/chacosintesis.com.ar\/index.php\/la-fomula-1-hara-un-homenaje-a-cars-por-su-20-aniversario-en-monza-el-rayo-mcqueen-sera-el-safety-car\/"},"modified":"2026-09-04T10:05:57","modified_gmt":"2026-09-04T13:05:57","slug":"la-fomula-1-hara-un-homenaje-a-cars-por-su-20-aniversario-en-monza-el-rayo-mcqueen-sera-el-safety-car","status":"publish","type":"post","link":"https:\/\/chacosintesis.com.ar\/index.php\/la-fomula-1-hara-un-homenaje-a-cars-por-su-20-aniversario-en-monza-el-rayo-mcqueen-sera-el-safety-car\/","title":{"rendered":"La F\u00f3mula 1 har\u00e1 un homenaje a Cars por su 20 aniversario en Monza: el Rayo McQueen ser\u00e1 el safety car"},"content":{"rendered":"<p><\/p>\n<div>\t\t<!-- { REGION4 --> <\/p>\n<header class=\"news-headline\">\n<div class=\"news-headline__topics-and-date-wrapper\">    <span class=\"news-headline__publication-date\"> 4 de septiembre 2026 &#8211; 09:50<br \/>\n            <\/span><\/div>\n<h2 class=\"news-headline__article-summary\"\/>\n<p id=\"p-1788451436799-43204\" class=\"ignore-parser\"> Este fin de semana el GP de Italia se viste de rojo para celebrar la emblem\u00e1tica pel\u00edcula de Disney que sigue marcando a las nuevas generaciones.<\/p>\n<\/header>\n<article class=\"article-body article-body--first-paragraph\" data-td-script-src=\"https:\/\/www.ambito.com\/td\/modulos\/encuestas\/js\/function-embeds-min-version-1788408512.js\">\n<p id=\"p-1788451837730-67620\" class=\"\">La <strong>F\u00f3rmula 1 y Disney<\/strong> reforzaron este a\u00f1o su alianza con una colaboraci\u00f3n especial que podr\u00e1 verse este fin de semana en el <a href=\"https:\/\/www.ambito.com\/deportes\/gp-italia-2026-cronograma-completo-la-proxima-carrera-f1-monza-y-como-verlo-vivo-n6316659\" target=\"_blank\" rel=\"follow\">GP de Italia<\/a>. <strong>Monza<\/strong> tendr\u00e1 como protagonista a <strong>Cars, la pel\u00edcula de Disney y Pixar que celebra el 20\u00b0 aniversario de su primera entrega<\/strong>.<\/p>\n<\/article>\n<section class=\"suscription-false printed-edition\" style=\"display:none\">\n<p> El contenido al que quiere acceder es exclusivo para suscriptores.<\/p>\n<p>  <span> <button type=\"button\" name=\"button\" class=\"subscribe-btn mercadopago-btn\">suscribirse<\/button><\/span>  <span class=\"btns\"><button type=\"button\" name=\"button\" class=\"subscribe-btn reload-login\"> ya estoy suscripto<\/button><\/span>  <\/p>\n<\/section>\n<article class=\"article-body article-body--second-paragraph\">\n<p id=\"p-1788451950641-34935\" class=\"\">Para conmemorar la fecha, el Mercedes-AMG GT 63 PRO 4MATIC+, que funciona como <strong>Safety Car de la F\u00f3rmula 1<\/strong> durante esta temporada, tendr\u00e1 una decoraci\u00f3n especial inspirada en el personaje de la pel\u00edcula.<\/p>\n<\/article>\n<section class=\"related-news\">\n<div class=\"row row--eq-height\">\n<div class=\"col-12 col-md-6\">\n<article class=\"news-article news-article--landscape-news news-article--landscape-news\">\n<figure class=\"news-article__figure figure\">\t\t<a href=\"https:\/\/www.ambito.com\/deportes\/el-presidente-la-fia-aseguro-que-argentina-se-merece-el-regreso-la-formula-1-y-crece-la-expectativa-n6317698\" target=\"\" title=\"\u00e1mbito.com | El presidente de la FIA asegur\u00f3 que Argentina se merece el regreso de la F\u00f3rmula 1 y crece la expectativa\" alt=\"\u00e1mbito.com | El presidente de la FIA asegur\u00f3 que Argentina se merece el regreso de la F\u00f3rmula 1 y crece la expectativa\" rel=\"noindex nofollow noreferrer\"><br \/>\n\t\t\t\t\t\t\t\t\t\t\t<img loading=\"lazy\" src=\"https:\/\/chacosintesis.com.ar\/wp-content\/uploads\/2026\/09\/La-Fomula-1-hara-un-homenaje-a-Cars-por-su.png\" decoding=\"async\" fetchpriority=\"low\" loading=\"lazy\" alt=\"El presidente de la FIA asegur\u00f3 Argentina se merece el regreso de la F\u00f3rmula 1 y crece la ilusi\u00f3n\" title=\"El presidente de la FIA asegur\u00f3 Argentina se merece el regreso de la F\u00f3rmula 1 y crece la ilusi\u00f3n\" width=\"93\" height=\"52\" class=\"news-article__figure-img figure-img img-fluid\"\/>\t\t<\/a><\/figure>\n<\/article><\/div>\n<\/div>\n<\/section>\n<article class=\"article-body article-body--third-paragraph\">\n<h2 id=\"p-1788451837730-50068\">El Safety Car de la F1 se transformar\u00e1 por Cars<\/h2>\n<p id=\"p-1788451837730-29304\" class=\"\">El veh\u00edculo de seguridad dejar\u00e1 de lado su tradicional combinaci\u00f3n de <strong>negro y rojo<\/strong> para adoptar una imagen completamente roja. Adem\u00e1s, llevar\u00e1 el <strong>logo de <\/strong><strong>Cars<\/strong> como parte de la celebraci\u00f3n por las dos d\u00e9cadas transcurridas desde el estreno de la primera pel\u00edcula de la saga.<\/p>\n<\/article>\n<article class=\"article-body article-body--fourth-paragraph\">\n<p id=\"p-1788451837730-51540\" class=\"\">Los espectadores que concurran al circuito de <strong>Monza<\/strong> tambi\u00e9n tendr\u00e1n la posibilidad de presenciar una vuelta de honor muy particular. <strong>Rayo McQueen<\/strong>, el protagonista de Cars, estar\u00e1 presente en el trazado a trav\u00e9s de un veh\u00edculo que reproduce la apariencia del famoso personaje.<\/p>\n<\/article>\n<article class=\"article-body article-body--fifth-paragraph\">\n<div contenteditable=\"false\" class=\"embed_cont type_imagen\" id=\"8273590-Libre-1527760238_wrap\">\n<div id=\"8273590-Libre-1527760238_content\" class=\"embed_content\"><img src=\"https:\/\/chacosintesis.com.ar\/wp-content\/uploads\/2026\/09\/La-Fomula-1-hara-un-homenaje-a-Cars-por-su.jpg\" decoding=\"async\" fetchpriority=\"low\" loading=\"lazy\" alt=\"\" title=\"\" width=\"730\" height=\"undefined\" id=\"8273590-Libre-1527760238_embed\"\/><\/div>\n<\/p><\/div>\n<h2 id=\"p-1788451837730-23568\">La colecci\u00f3n de F\u00f3rmula 1 y Cars<\/h2>\n<p id=\"p-1788451837730-21626\" class=\"\">El Gran Premio de Italia tambi\u00e9n ser\u00e1 el punto de partida para una nueva l\u00ednea de <strong>productos inspirados en la F\u00f3rmula 1 y el universo de <\/strong><strong>Cars<\/strong>. Los art\u00edculos estar\u00e1n disponibles inicialmente en el circuito de Monza y luego llegar\u00e1n a otros mercados del mundo.<\/p>\n<\/article>\n<article class=\"article-body article-body--remaining-paragraph\">\n<p id=\"p-1788451837730-28422\" class=\"\">La propuesta incluir\u00e1 <strong>accesorios, objetos de colecci\u00f3n y miniaturas de autos fabricadas por Mattel<\/strong>, compa\u00f1\u00eda que adem\u00e1s es socia de la F\u00f3rmula 1 para la producci\u00f3n de las miniaturas Hot Wheels.<\/p>\n<h2 id=\"p-1788451837730-27733\">Barrichello y Vettel homenajear\u00e1n a Michael Schumacher<\/h2>\n<p id=\"p-1788451837730-80892\" class=\"\">La actividad especial en Monza no estar\u00e1 limitada a la presencia de Rayo McQueen. Durante el fin de semana, <strong>Rubens Barrichello y Sebastian Vettel<\/strong> tambi\u00e9n participar\u00e1n de una exhibici\u00f3n al volante de un <strong>Ferrari F2002 de Michael Schumacher<\/strong>.<\/p>\n<div contenteditable=\"false\" class=\"embed_cont type_imagen\" id=\"8237991-Libre-2125947325_wrap\">\n<div id=\"8237991-Libre-2125947325_content\" class=\"embed_content\"><img src=\"https:\/\/chacosintesis.com.ar\/wp-content\/uploads\/2026\/09\/1788527157_298_La-Fomula-1-hara-un-homenaje-a-Cars-por-su.jpg\" decoding=\"async\" fetchpriority=\"low\" loading=\"lazy\" alt=\"\" title=\"\" width=\"730\" height=\"undefined\" id=\"8237991-Libre-2125947325_embed\"\/><\/div>\n<\/p><\/div>\n<p id=\"p-1788451837730-31793\">Por otra parte, la <strong>Scuderia Ferrari<\/strong> tendr\u00e1 el domingo una decoraci\u00f3n especial en homenaje a los <strong>30 a\u00f1os de la llegada de Schumacher al equipo de Maranello<\/strong>. El piloto alem\u00e1n, siete veces campe\u00f3n del mundo, inici\u00f3 su etapa con Ferrari en 1996.<\/p>\n<h2 id=\"p-1788180738097-25420\">GP de Italia 2026: cronograma completo<\/h2>\n<h3 id=\"p-1788452238805-24656\">Viernes 4 de septiembre<\/h3>\n<ul id=\"p-1788182510836-57571\">\n<li id=\"p-1788182490401-13884\">Pr\u00e1cticas libres 1: 08:30<\/li>\n<li id=\"p-1788182490401-30507\"><strong>Pr\u00e1cticas libres 2: 12:00<\/strong><\/li>\n<\/ul>\n<h3 id=\"p-1788452238805-74847\">S\u00e1bado 5 de septiembre<\/h3>\n<ul id=\"p-1788182508914-66679\">\n<li id=\"p-1788182490401-44621\">Pr\u00e1cticas libres 3: 07:30<\/li>\n<li id=\"p-1788182490401-35790\">Clasificaci\u00f3n: 11:00<\/li>\n<\/ul>\n<h3 id=\"p-1788452238805-78515\">Domingo 6 de septiembre<\/h3>\n<h2 id=\"p-1788180738097-70069\">Calendario de Formula 1 2026<\/h2>\n<p id=\"p-1788181071705-71977\">Tras el paso por GP de Pa\u00edses Bajos, la temporada 2026 de la F\u00f3rmula 1 continuar\u00e1 con un calendario extenso que recorrer\u00e1 distintos continentes hasta diciembre:<\/p>\n<ul id=\"p-1788182604555-29279\">\n<li id=\"p-1788181071705-15436\"><strong>Gran Premio de Italia<\/strong>: del 4 al 6 de septiembre<\/li>\n<li id=\"p-1788181071705-23093\"><strong>Gran Premio de Espa\u00f1a<\/strong>: del 11 al 13 de septiembre<\/li>\n<li id=\"p-1788181071705-13379\"><strong>Gran Premio de Azerbaiy\u00e1n<\/strong>: del 24 al 26 de septiembre<\/li>\n<li id=\"p-1788181071705-27935\"><strong>Gran Premio de Singapur<\/strong>: del 9 a 11 de octubre<\/li>\n<li id=\"p-1788181071705-49226\"><strong>Gran Premio de Estados Unidos<\/strong>: del 23 al 25 de octubre<\/li>\n<li id=\"p-1788181071705-44817\"><strong>Gran Premio de M\u00e9xico<\/strong>: del 30 de octubre al 1\u00b0 de noviembre<\/li>\n<li id=\"p-1788181071705-70131\"><strong>Gran Premio de Brasil<\/strong>: del 6 al 8 de noviembre<\/li>\n<li id=\"p-1788181071705-91498\"><strong>Gran Premio de Las Vegas<\/strong>: del 19 al 21 de noviembre<\/li>\n<li id=\"p-1788181071705-10085\"><strong>Gran Premio de Qatar<\/strong>: del 27 al 29 de noviembre<\/li>\n<li id=\"p-1788181071705-83938\"><strong>Gran Premio de Abu Dhabi<\/strong>: del 4 al 6 de diciembre<\/li>\n<\/ul>\n<\/article>\n<p>\t\t<!-- REGION4 } --><\/div>\n<p><script>\n!function(f,b,e,v,n,t,s)\n{if(f.fbq)return;n=f.fbq=function(){n.callMethod?\nn.callMethod.apply(n,arguments):n.queue.push(arguments)};\nif(!f._fbq)f._fbq=n;n.push=n;n.loaded=!0;n.version='2.0';\nn.queue=[];t=b.createElement(e);t.async=!0;\nt.src=v;s=b.getElementsByTagName(e)[0];\ns.parentNode.insertBefore(t,s)}(window,document,'script',\n'https:\/\/connect.facebook.net\/en_US\/fbevents.js');\nfbq('init', '2047048335588113');\nfbq('track', 'PageView');\n<\/script><\/p>\n<p>Ambito.-<\/p>\n","protected":false},"excerpt":{"rendered":"<p>4 de septiembre 2026 &#8211; 09:50 Este fin de semana el GP de Italia se viste de rojo para celebrar la emblem\u00e1tica pel\u00edcula de Disney que sigue marcando a las nuevas generaciones. La F\u00f3rmula 1 y Disney reforzaron este a\u00f1o su alianza con una colaboraci\u00f3n especial que podr\u00e1 verse este fin de semana en el [&hellip;]<\/p>\n","protected":false},"author":1,"featured_media":262107,"comment_status":"closed","ping_status":"","sticky":false,"template":"","format":"standard","meta":{"footnotes":""},"categories":[7],"tags":[50,1110],"class_list":["post-262106","post","type-post","status-publish","format-standard","has-post-thumbnail","category-deportes","tag-disney","tag-fu00f3rmula-1"],"_links":{"self":[{"href":"https:\/\/chacosintesis.com.ar\/index.php\/wp-json\/wp\/v2\/posts\/262106","targetHints":{"allow":["GET"]}}],"collection":[{"href":"https:\/\/chacosintesis.com.ar\/index.php\/wp-json\/wp\/v2\/posts"}],"about":[{"href":"https:\/\/chacosintesis.com.ar\/index.php\/wp-json\/wp\/v2\/types\/post"}],"author":[{"embeddable":true,"href":"https:\/\/chacosintesis.com.ar\/index.php\/wp-json\/wp\/v2\/users\/1"}],"replies":[{"embeddable":true,"href":"https:\/\/chacosintesis.com.ar\/index.php\/wp-json\/wp\/v2\/comments?post=262106"}],"version-history":[{"count":0,"href":"https:\/\/chacosintesis.com.ar\/index.php\/wp-json\/wp\/v2\/posts\/262106\/revisions"}],"wp:featuredmedia":[{"embeddable":true,"href":"https:\/\/chacosintesis.com.ar\/index.php\/wp-json\/wp\/v2\/media\/262107"}],"wp:attachment":[{"href":"https:\/\/chacosintesis.com.ar\/index.php\/wp-json\/wp\/v2\/media?parent=262106"}],"wp:term":[{"taxonomy":"category","embeddable":true,"href":"https:\/\/chacosintesis.com.ar\/index.php\/wp-json\/wp\/v2\/categories?post=262106"},{"taxonomy":"post_tag","embeddable":true,"href":"https:\/\/chacosintesis.com.ar\/index.php\/wp-json\/wp\/v2\/tags?post=262106"}],"curies":[{"name":"wp","href":"https:\/\/api.w.org\/{rel}","templated":true}]}}