{"id":26210,"date":"2023-09-02T16:27:47","date_gmt":"2023-09-02T19:27:47","guid":{"rendered":"https:\/\/chacosintesis.com.ar\/?p=26210"},"modified":"2023-09-02T16:37:50","modified_gmt":"2023-09-02T19:37:50","slug":"este-sabado-los-mercados-populares-estaran-en-la-plaza-de-la-integracion","status":"publish","type":"post","link":"https:\/\/chacosintesis.com.ar\/index.php\/este-sabado-los-mercados-populares-estaran-en-la-plaza-de-la-integracion\/","title":{"rendered":"Este s\u00e1bado los Mercados Populares estar\u00e1n en la Plaza de la Integraci\u00f3n"},"content":{"rendered":"<div class=\"postie-post\">Con servicio gratuito de las l\u00edneas 110, 106 A y B, a las 9 y 12:30.<br \/>\nEste s\u00e1bado 2 habr\u00e1 Mercados Populares en la Plaza de la Integraci\u00f3n, intersecci\u00f3n de Avenidas 9 de Julio y Espa\u00f1a, en el horario de 9 a 13. Los operativos seguir\u00e1n la semana siguiente: viernes 8 en Campus UNNE Resistencia en Las Heras 727, y el s\u00e1bado 9 en Cecual en Santa Mar\u00eda de Oro 471. El Gobierno promueve as\u00ed la comercializaci\u00f3n de alimentos y productos de calidad, 100% chaque\u00f1os y a precios justos. Se podr\u00e1n adquirir tipos variados de cortes de carnes, pescados, panificados, verduras, huevos, l\u00e1cteos, conservas, artesan\u00edas y producciones realizadas por emprendedores locales y unidades productivas que articulan tanto con la cartera social como con el Instituto de Agricultura Familiar y Econom\u00eda Popular del Chaco (IAFEP). Adem\u00e1s, la Unidad Ejecutora de Pol\u00edticas Sociales brinda peri\u00f3dicamente a las y los emprendedores, capacitaciones sobre educaci\u00f3n financiera y tributaria, entre otras estrategias para posicionamiento de productos por canales digitales, con el objetivo de incrementar las ventas y aumentar oportunidades de trabajo autogestado, fortaleciendo la econom\u00eda social y popular. En estas ediciones de Mercados Populares en la capital provincial, durante los viernes de septiembre, se sumar\u00e1n equipos del Ministerio de Salud P\u00fablica, con postas sanitarias de vacunaci\u00f3n para vecinas y vecinos interesados.<br \/>\nFomentar proyectos productivos<\/p>\n<p>El Ministerio de Desarrollo Social y el IAFEP articulan con municipios de toda la provincia, a fin de posibilitar m\u00e1s oportunidades de producci\u00f3n, elaboraci\u00f3n, comercializaci\u00f3n y adquisici\u00f3n de productos chaque\u00f1os de primera calidad, sin intermediaci\u00f3n y a precios justos, buscando garantizar el acompa\u00f1amiento integral a familias emprendedoras y a unidades productivas, para que cuenten con espacios adecuados y mayores posibilidades de comercializaci\u00f3n en ferias locales, mercados y almacenes populares. Las y los emprendedores interesados en participar de los Mercados Populares, deben ingresar a <a href=\"https:\/\/emprendemos.chaco.gob.ar\/\">emprendemos.chaco.gob.ar\/<\/a>, o bien acercarse a los municipios adheridos. En Resistencia dirigirse a avenida San Mart\u00edn 266, sede de la Unidad Ejecutora de Pol\u00edticas Sociales, comunicarse por tel\u00e9fono al 362-4742371, o bien por correo electr\u00f3nico a: <a href=\"mailto:emprendemostodos@chaco.gob.ar\">emprendemostodos@chaco.gob.ar<\/a>.<\/p>\n<p>Transporte gratuito<br \/>\nPara facilitar el acceso a los Mercados Populares, la Subsecretar\u00eda de Transporte dispuso el traslado gratuito en las l\u00edneas de colectivos 110, 106 A y B, exclusivamente en dos horarios: 9 y 12.30, resultando el viaje sin costo solamente en unidades identificadas.<\/p><\/div>\n","protected":false},"excerpt":{"rendered":"<p>Con servicio gratuito de las l\u00edneas 110, 106 A y B, a las 9 y 12:30. Este s\u00e1bado 2 habr\u00e1 Mercados Populares en la Plaza de la Integraci\u00f3n, intersecci\u00f3n de Avenidas 9 de Julio y Espa\u00f1a, en el horario de 9 a 13. Los operativos seguir\u00e1n la semana siguiente: viernes 8 en Campus UNNE Resistencia [&hellip;]<\/p>\n","protected":false},"author":1,"featured_media":26211,"comment_status":"closed","ping_status":"closed","sticky":false,"template":"","format":"standard","meta":{"footnotes":""},"categories":[6],"tags":[],"class_list":{"0":"post-26210","1":"post","2":"type-post","3":"status-publish","4":"format-standard","5":"has-post-thumbnail","7":"category-chaco"},"_links":{"self":[{"href":"https:\/\/chacosintesis.com.ar\/index.php\/wp-json\/wp\/v2\/posts\/26210","targetHints":{"allow":["GET"]}}],"collection":[{"href":"https:\/\/chacosintesis.com.ar\/index.php\/wp-json\/wp\/v2\/posts"}],"about":[{"href":"https:\/\/chacosintesis.com.ar\/index.php\/wp-json\/wp\/v2\/types\/post"}],"author":[{"embeddable":true,"href":"https:\/\/chacosintesis.com.ar\/index.php\/wp-json\/wp\/v2\/users\/1"}],"replies":[{"embeddable":true,"href":"https:\/\/chacosintesis.com.ar\/index.php\/wp-json\/wp\/v2\/comments?post=26210"}],"version-history":[{"count":0,"href":"https:\/\/chacosintesis.com.ar\/index.php\/wp-json\/wp\/v2\/posts\/26210\/revisions"}],"wp:featuredmedia":[{"embeddable":true,"href":"https:\/\/chacosintesis.com.ar\/index.php\/wp-json\/wp\/v2\/media\/26211"}],"wp:attachment":[{"href":"https:\/\/chacosintesis.com.ar\/index.php\/wp-json\/wp\/v2\/media?parent=26210"}],"wp:term":[{"taxonomy":"category","embeddable":true,"href":"https:\/\/chacosintesis.com.ar\/index.php\/wp-json\/wp\/v2\/categories?post=26210"},{"taxonomy":"post_tag","embeddable":true,"href":"https:\/\/chacosintesis.com.ar\/index.php\/wp-json\/wp\/v2\/tags?post=26210"}],"curies":[{"name":"wp","href":"https:\/\/api.w.org\/{rel}","templated":true}]}}