{"id":26208,"date":"2023-09-02T16:25:24","date_gmt":"2023-09-02T19:25:24","guid":{"rendered":"https:\/\/chacosintesis.com.ar\/?p=26208"},"modified":"2023-09-02T16:37:45","modified_gmt":"2023-09-02T19:37:45","slug":"martin-kohan-trae-a-la-feria-del-libro-sus-dos-grandes-pasiones-el-futbol-y-la-literatura","status":"publish","type":"post","link":"https:\/\/chacosintesis.com.ar\/index.php\/martin-kohan-trae-a-la-feria-del-libro-sus-dos-grandes-pasiones-el-futbol-y-la-literatura\/","title":{"rendered":"Mart\u00edn Kohan trae a la Feria del Libro sus dos grandes pasiones: el f\u00fatbol y la literatura"},"content":{"rendered":"<div class=\"postie-post\">Este s\u00e1bado el escritor Mart\u00edn Kohan estar\u00e1 en la Feria Iberoamericana del Libro del Chaco \u201cLeer en democracia\u201d, que se lleva adelante hasta el 10 de septiembre en el predio del Domo del Centenario.<br \/>\nOrganizada por la Fundaci\u00f3n del Libro y la Cultura y el Gobierno de la Provincia del Chaco a trav\u00e9s del Instituto de Cultura y de los ministerios de Educaci\u00f3n y de Planificaci\u00f3n, Econom\u00eda e Infraestructura, esta edici\u00f3n de la feria celebra m\u00e1s de quince a\u00f1os de trayectoria. Est\u00e1 abierta al p\u00fablico hasta el 10 de septiembre y se pueden adquirir libros al 50 por ciento de su valor. El escritor Mart\u00edn Kohan llega para presentar su m\u00e1s reciente libro Desde la boca. Cuando lo extraordinario se vuelven normal, coescrito junto con Ricardo Cohen. En esta charla cuenta sus sensaciones sobre c\u00f3mo uni\u00f3 despu\u00e9s de tanto tiempo sus dos grandes pasiones, la literatura y su fanatismo por Boca.<br \/>\n\u2014 Tus pasiones por Boca y la literatura ven\u00edan por carriles paralelos. No se juntaban y siempre ten\u00edas respuestas r\u00e1pidas para mantener esos carriles. Sin embargo, hoy se juntaron, \u00bfqu\u00e9 pas\u00f3?, \u00bfpor qu\u00e9 se juntaron Boca y la literatura?<br \/>\n\u2014 Ricardo Cohen encontr\u00f3 la forma de convencerme. Adem\u00e1s, me ayud\u00f3 a encontrar la manera en la que pod\u00eda escribir estos textos. La literatura y el f\u00fatbol son mis dos grandes pasiones. Tiendo a no combinarlas y creo que no quiero combinarlas, precisamente, porque son fuert\u00edsimas. Vivo estas dos pasiones de una manera plena. Combinarlas, en lugar de producirme un efecto de reforzamiento, me llevaba a relativizarlas. Sin embargo, en este libro encontr\u00e9 una alternativa. Estoy muy feliz de que eso haya podido ocurrir. No escribo sobre mis propias vivencias aunque muchas de las que est\u00e1n en los relatos de este libro me reflejan y representen.<br \/>\n\u2014 \u00bfEst\u00e1s conforme, entonces, con esta primera aproximaci\u00f3n de Boca y literatura?<br \/>\n\u2014 Cuando escribo voy sintiendo y probando cosas. Con cualquier texto cuando escribo siento algo, me pasa algo interno. Creo que este un libro que merece ser le\u00eddo, y no lo digo como un elogio al libro sino como una invitaci\u00f3n a la lectura. Este libro puede entrar por alg\u00fan lado, no es la historia de Boca y se acerca a lo que podemos llamar una autobiograf\u00eda de hinchas. Es una especie de ensayo sobre lo que significa ser hincha de Boca, qu\u00e9 caracter\u00edsticas tiene un club de barrio en relaci\u00f3n con el entorno y con lo que ha trascendido de ese lugar.<br \/>\n\u2014 Me acerco a creer que es un ensayo porque hay mucha informaci\u00f3n hist\u00f3rica sobre esa zona del puerto de Buenos Aires. Desde Pedro de Mendoza hasta los goles de Mart\u00edn Palermo. \u00bfEsto fue pensado para presentarlo as\u00ed?<br \/>\n\u2014 Boca es algo extraordinario. La medida para todo en Boca es lo extraordinario y eso se volvi\u00f3 algo normal para los hinchas. Boca tiene las caracter\u00edsticas propias de arraigo de una locaci\u00f3n espec\u00edfica de un barrio de Buenos Aires. Sin embargo, ha traspasado todo ese orden y hoy encontramos hinchas de Boca en distintas partes del mundo. Es decir, mantiene su caracter\u00edstica de arraigo barrial y lo combina con un alto grado de reconocimiento mundial. Hay aqu\u00ed una alteraci\u00f3n de las proporciones por eso se plantea esta idea de que lo extraordinario se vuelve normal en el sentido de que la desmesura es la medida de nuestras vidas. Toda esa historia fue pensada para presentarlo as\u00ed.<br \/>\n\u2014Si nos corri\u00e9ramos un poco de estos dos ejes, \u00bfqu\u00e9 otra pasi\u00f3n tiene tanto peso en tu vida?<br \/>\n\u2014 Es dif\u00edcil responder eso pero podemos empezar a calibrar. Hay afectos y v\u00ednculos muy fuertes en mi vida. Empecemos a desgranar, no s\u00e9 si ten\u00e9s hijos\u2026<br \/>\n \u2014 Tengo.<br \/>\n\u2014 Bueno un hijo es para toda la vida. Pero mi hijo lleg\u00f3 cuando ten\u00eda m\u00e1s de treinta a\u00f1os. Ese amor y ese v\u00ednculo son incomparables, pero lleg\u00f3 a mi vida despu\u00e9s de los treinta. Si me remonto m\u00e1s atr\u00e1s, cuando ingres\u00e9 a la escuela primaria ya sab\u00eda leer. Suelo pensar que aprend\u00ed a leer y me hice de Boca al mismo tiempo. Quiz\u00e1s a los cinco o a los seis a\u00f1os ya sab\u00eda leer y era de Boca. Eso est\u00e1 en m\u00ed y lo seguir\u00e1 estando. Por eso digo que la lectura y Boca est\u00e1n en mi vida desde que nac\u00ed y lo estar\u00e1n hasta que me muera.<br \/>\nMe preguntas qu\u00e9 otra cosa me apasiona tanto y creo que puedo agregar que vivir en Buenos Aires. Por trabajo me toca viajar mucho, este a\u00f1o estuve en las ferias del libro de Tucum\u00e1n, La Rioja, Rosario, entre otras ciudades. Ahora estoy yendo al Chaco a presentar un nuevo libro. La literatura me lleva y me trae por muchos lugares. Estoy sumando experiencias maravillosas pero nunca dej\u00e9 de vivir en Buenos Aires. Desde que nac\u00ed vivo en Buenos Aires. He tenido la oportunidad de irme pero no me fui porque en ning\u00fan lugar me siento tan arraigado como en esta ciudad. Por suerte me toca viajar mucho pero siempre me veo viviendo en Buenos Aires.<br \/>\n\u2014 Volvamos al libro. Los hinchas rememoran muchas situaciones, distintos partidos, la an\u00e9cdota de un padre y un hijo me pareci\u00f3 extraordinaria. Pero en este momento, \u00bfqu\u00e9 abrazo te diste en la cancha y que fue memorable? Uno solo, el primero que venga.<br \/>\n \u2014 Uff\u2026 Sucede que hay muchos. Hay much\u00edsimos goles vividos ah\u00ed para siempre casi siempre con personas que uno no conoce. Hay much\u00edsimos. Ahora se me viene uno que en rigor no fue en la cancha de Boca, fue en la cancha de Independiente viendo un Boca Platense. Boca gana 3 a 1. A\u00f1o 92. Hace un gol memorable y muy recordado Mederos. En el momento de gritar el gol, la felicidad, la explosi\u00f3n de felicidad es tan grande que casi que no sabes qu\u00e9 hacer con tu cuerpo en ese momento. Porque el cuerpo no te alcanza para la explosi\u00f3n de felicidad que ten\u00e9s adentro. Giro en aquel momento para gritar el gol y veo a otro que estaba a un metro de m\u00ed \u2014y nos parece a los dos que estamos viviendo lo mismo\u2014, \u00e9l tambi\u00e9n est\u00e1 solo, tampoco sabe donde meter tanta euforia por el gol que est\u00e1bamos festejando. Nos miramos y nos dimos el abrazo de nuestras vidas.<br \/>\n\u2014 \u00bfAh\u00ed es cuando se produce esa frase de Rimbaud, yo es otro?<br \/>\n\u2014 Ah\u00ed s\u00ed hay algo m\u00edo. Mi escala de mi manera de ser y mi manera de comportarme, el modo de ser y sentirse con uno mismo. Esta sensaci\u00f3n de expansi\u00f3n corporal o de ebullici\u00f3n corporal no es algo m\u00edo. No es algo que pueda se\u00f1alar en primera instancia sobre mi manera de ser. Pero en la cancha s\u00ed porque ah\u00ed no soy igual que en otras circunstancias. Debo ser m\u00e1s o menos yo y al mismo tiempo no. Hay una zona liberada, para poner un contexto y graficarlo de alguna manera. Hay vivencias que pasan en la cancha que no tengo en otras zonas de la vida.<br \/>\n\u2014 Vas a estar en Resistencia en la Feria Iberoamericana del Libro. Mencionaste al pasar que el libro es una invitaci\u00f3n a la lectura. \u00bfPor qu\u00e9 es importante leer?<br \/>\n\u2014 Es importante leer en todos los tiempos. Soy profesor de literatura y por lo tanto me dedico a formar lectores, a impulsar y a estimular lecturas. Para m\u00ed es algo valioso. Al mismo tiempo, tengo mis prevenciones respecto de lo que llamo \u201csermones de la lectura\u201d, esas arengas para la lectura o para favorecer a la lectura. Me parece que ah\u00ed hay un moralismo de la lectura donde aparece alguien impartiendo discursos sobre la necesidad de leer. A m\u00ed me parece que hay que buscar otros impulsos que den est\u00edmulo. El serm\u00f3n de la lectura est\u00e1 en todos lados. Todos dicen que hay que leer, \u201cque l\u00e1stima que mi hijo no lea\u201d. Se declaran virtudes y ventajas de la lectura que en los sermones quedan vac\u00edos. Porque muchas veces esos discursos tienen mucho de hipocres\u00eda.<br \/>\nLo que tenemos que hacer \u2014y esto nos devuelve al comienzo de la charla\u2014, es propiciar espacios donde nos podamos encontrar cara a cara para hablar de literatura. Hay que hacer menos arengas, menos sermones y volcarnos m\u00e1s a pr\u00e1cticas concretas del intercambio literario. En la medida en que leamos, pongamos en juego nuestras lecturas, activamos intercambios, discusiones sobre lo que las lecturas nos suscitan, entonces apostaremos a una pr\u00e1ctica concreta de la lectura. Conf\u00edo m\u00e1s en esto que en cualquier declaraci\u00f3n m\u00e1s o menos resonante sobre por qu\u00e9 es bueno leer. Para m\u00ed leer es valioso y lo pongo en juego cuando escribo, cuando estoy dando clases o cuando me invitan a una Feria del Libro. Hay que sermonear menos y poner m\u00e1s en juego nuestras lecturas.<\/div>\n","protected":false},"excerpt":{"rendered":"<p>Este s\u00e1bado el escritor Mart\u00edn Kohan estar\u00e1 en la Feria Iberoamericana del Libro del Chaco \u201cLeer en democracia\u201d, que se lleva adelante hasta el 10 de septiembre en el predio del Domo del Centenario. Organizada por la Fundaci\u00f3n del Libro y la Cultura y el Gobierno de la Provincia del Chaco a trav\u00e9s del Instituto [&hellip;]<\/p>\n","protected":false},"author":1,"featured_media":26209,"comment_status":"closed","ping_status":"closed","sticky":false,"template":"","format":"standard","meta":{"footnotes":""},"categories":[6],"tags":[],"class_list":{"0":"post-26208","1":"post","2":"type-post","3":"status-publish","4":"format-standard","5":"has-post-thumbnail","7":"category-chaco"},"_links":{"self":[{"href":"https:\/\/chacosintesis.com.ar\/index.php\/wp-json\/wp\/v2\/posts\/26208","targetHints":{"allow":["GET"]}}],"collection":[{"href":"https:\/\/chacosintesis.com.ar\/index.php\/wp-json\/wp\/v2\/posts"}],"about":[{"href":"https:\/\/chacosintesis.com.ar\/index.php\/wp-json\/wp\/v2\/types\/post"}],"author":[{"embeddable":true,"href":"https:\/\/chacosintesis.com.ar\/index.php\/wp-json\/wp\/v2\/users\/1"}],"replies":[{"embeddable":true,"href":"https:\/\/chacosintesis.com.ar\/index.php\/wp-json\/wp\/v2\/comments?post=26208"}],"version-history":[{"count":0,"href":"https:\/\/chacosintesis.com.ar\/index.php\/wp-json\/wp\/v2\/posts\/26208\/revisions"}],"wp:featuredmedia":[{"embeddable":true,"href":"https:\/\/chacosintesis.com.ar\/index.php\/wp-json\/wp\/v2\/media\/26209"}],"wp:attachment":[{"href":"https:\/\/chacosintesis.com.ar\/index.php\/wp-json\/wp\/v2\/media?parent=26208"}],"wp:term":[{"taxonomy":"category","embeddable":true,"href":"https:\/\/chacosintesis.com.ar\/index.php\/wp-json\/wp\/v2\/categories?post=26208"},{"taxonomy":"post_tag","embeddable":true,"href":"https:\/\/chacosintesis.com.ar\/index.php\/wp-json\/wp\/v2\/tags?post=26208"}],"curies":[{"name":"wp","href":"https:\/\/api.w.org\/{rel}","templated":true}]}}