{"id":26202,"date":"2023-09-02T16:20:08","date_gmt":"2023-09-02T19:20:08","guid":{"rendered":"https:\/\/chacosintesis.com.ar\/?p=26202"},"modified":"2023-09-02T16:37:30","modified_gmt":"2023-09-02T19:37:30","slug":"con-variada-agenda-este-sabado-continua-la-feria-iberoamericana-del-libro","status":"publish","type":"post","link":"https:\/\/chacosintesis.com.ar\/index.php\/con-variada-agenda-este-sabado-continua-la-feria-iberoamericana-del-libro\/","title":{"rendered":"Con variada agenda, este s\u00e1bado contin\u00faa la Feria Iberoamericana del Libro"},"content":{"rendered":"<div class=\"postie-post\">El encuentro cultural ofrece libros con hasta el 50% de descuento, con entrada libre y gratuita.<br \/>\nEste s\u00e1bado contin\u00faa la Feria Iberoamericana del Libro en el Domo del Centenario de Resistencia, un evento de entrada libre y gratuita con importantes promociones en libros de todos los g\u00e9neros. Los horarios de atenci\u00f3n son de 9 a 23 para hoy.<br \/>\nAdem\u00e1s, durante la tarde se ofrecer\u00e1 una amplia agenda de actividades culturales en marco de la Feria, con protagonistas de distintas \u00edndoles con foco principal en escritores reconocidos, m\u00fasica, show de magia y mucho m\u00e1s.<\/p>\n<p>Agenda completa<br \/>\n17:00 | Espacio Azul<br \/>\nPresentaci\u00f3n del Mago Fernando.<br \/>\n17:00 | Espacio Magenta<br \/>\nPresentaci\u00f3n de libro En el principio&#8230; de Gustavo Rold\u00e1n. Coordinado por Laura Rold\u00e1n. Editorial Eudene.<br \/>\n17:00 | Espacio Naranja<br \/>\nPresentaci\u00f3n de Desde la perspectiva de g\u00e9nero. Sentencias con perspectiva de g\u00e9nero. Su incorporaci\u00f3n a la actividad de los operadores judiciales de Reynaldo Omar Francia. Editorial De la Paz<br \/>\n18:00 | Espacio Azul<br \/>\nShow en vivo Tierra Verde<br \/>\n18:00 | Espacio Naranja<br \/>\nConversatorio Novelas rom\u00e1nticas Hablemos de amor. La b\u00fasqueda de nuevas historias de Beta Su\u00e1rez, Laura G. Miranda, Valeria Naya y Mar\u00eda Laura Gamberro. VR Editoras<br \/>\n18:00 | Espacio Violeta<br \/>\nCharla El nuevo auge de la ciencia ficci\u00f3n de Mart\u00edn Felipe Castagnet.<br \/>\n18:00 | Espacio Turquesa<br \/>\nRonda de lectura de autores regionales.<br \/>\n19:00 | Espacio Magenta<br \/>\nPresentaci\u00f3n del libro Voz de vaca de Ernesto Gallo. Editorial Le Pecore Nere. Presenta Laura Aguirre.<br \/>\n19:00 | Espacio Violeta<br \/>\nConversatorio sobre Ficci\u00f3n e historia, Historia y ficci\u00f3n. Participan Nelson Caula, Francisco Tete Romero y Osvaldo Mazal.<br \/>\n19:00 | Espacio Turquesa<br \/>\nLa UNNE lee a Juan L. Ortiz. Espacio Centro Cultural Nordeste. CCN.<br \/>\n20:00 | Espacio Magenta<br \/>\nPresentaci\u00f3n del libro Desde la boca de Mart\u00edn Kohan. Editorial Planeta. Presenta Pablo Black.<br \/>\n20:00 | Espacio Naranja<br \/>\nCHARCO: Poes\u00eda que salpica. Ciclo de poes\u00eda oral.<br \/>\n20:00 | Espacio Violeta<br \/>\nConversatorio sobre Ficci\u00f3n Juvenil. Qu\u00e9 buscan leer los j\u00f3venes. Las tem\u00e1ticas en la ficci\u00f3n juvenil. VR Editora. Participan Anna K Franco y Malena Hehn. VR Editoras<br \/>\n20:00 | Espacio Turquesa<br \/>\nCiclo literario Infames. Ronda de lectura de autores invitados. Transmisi\u00f3n en vivo<\/p><\/div>\n","protected":false},"excerpt":{"rendered":"<p>El encuentro cultural ofrece libros con hasta el 50% de descuento, con entrada libre y gratuita. Este s\u00e1bado contin\u00faa la Feria Iberoamericana del Libro en el Domo del Centenario de Resistencia, un evento de entrada libre y gratuita con importantes promociones en libros de todos los g\u00e9neros. Los horarios de atenci\u00f3n son de 9 a [&hellip;]<\/p>\n","protected":false},"author":1,"featured_media":26203,"comment_status":"closed","ping_status":"closed","sticky":false,"template":"","format":"standard","meta":{"footnotes":""},"categories":[6],"tags":[],"class_list":{"0":"post-26202","1":"post","2":"type-post","3":"status-publish","4":"format-standard","5":"has-post-thumbnail","7":"category-chaco"},"_links":{"self":[{"href":"https:\/\/chacosintesis.com.ar\/index.php\/wp-json\/wp\/v2\/posts\/26202","targetHints":{"allow":["GET"]}}],"collection":[{"href":"https:\/\/chacosintesis.com.ar\/index.php\/wp-json\/wp\/v2\/posts"}],"about":[{"href":"https:\/\/chacosintesis.com.ar\/index.php\/wp-json\/wp\/v2\/types\/post"}],"author":[{"embeddable":true,"href":"https:\/\/chacosintesis.com.ar\/index.php\/wp-json\/wp\/v2\/users\/1"}],"replies":[{"embeddable":true,"href":"https:\/\/chacosintesis.com.ar\/index.php\/wp-json\/wp\/v2\/comments?post=26202"}],"version-history":[{"count":0,"href":"https:\/\/chacosintesis.com.ar\/index.php\/wp-json\/wp\/v2\/posts\/26202\/revisions"}],"wp:featuredmedia":[{"embeddable":true,"href":"https:\/\/chacosintesis.com.ar\/index.php\/wp-json\/wp\/v2\/media\/26203"}],"wp:attachment":[{"href":"https:\/\/chacosintesis.com.ar\/index.php\/wp-json\/wp\/v2\/media?parent=26202"}],"wp:term":[{"taxonomy":"category","embeddable":true,"href":"https:\/\/chacosintesis.com.ar\/index.php\/wp-json\/wp\/v2\/categories?post=26202"},{"taxonomy":"post_tag","embeddable":true,"href":"https:\/\/chacosintesis.com.ar\/index.php\/wp-json\/wp\/v2\/tags?post=26202"}],"curies":[{"name":"wp","href":"https:\/\/api.w.org\/{rel}","templated":true}]}}