{"id":262019,"date":"2026-09-04T08:05:17","date_gmt":"2026-09-04T11:05:17","guid":{"rendered":"https:\/\/chacosintesis.com.ar\/index.php\/la-dura-autocritica-de-diego-milito-ante-su-mandato-como-presidente-desde-el-racing-no-puede-estar-tan-abajo-hasta-el-error-de-renovarle-a-costas\/"},"modified":"2026-09-04T08:05:17","modified_gmt":"2026-09-04T11:05:17","slug":"la-dura-autocritica-de-diego-milito-ante-su-mandato-como-presidente-desde-el-racing-no-puede-estar-tan-abajo-hasta-el-error-de-renovarle-a-costas","status":"publish","type":"post","link":"https:\/\/chacosintesis.com.ar\/index.php\/la-dura-autocritica-de-diego-milito-ante-su-mandato-como-presidente-desde-el-racing-no-puede-estar-tan-abajo-hasta-el-error-de-renovarle-a-costas\/","title":{"rendered":"La dura autocr\u00edtica de Diego Milito ante su mandato como presidente: desde el \u201cRacing no puede estar tan abajo\u201d hasta el \u201cerror\u201d de renovarle a Costas"},"content":{"rendered":"<p><\/p>\n<div>\t\t<!-- { REGION4 --> <\/p>\n<header class=\"news-headline\">\n<div class=\"news-headline__topics-and-date-wrapper\">    <span class=\"news-headline__publication-date\"> 3 de septiembre 2026 &#8211; 20:25<br \/>\n            <\/span><\/div>\n<h2 class=\"news-headline__article-summary\"\/>\n<p id=\"p-1788469019540-55987\" class=\"ignore-parser\"> El mandam\u00e1s de la instituci\u00f3n de Avellaneda habl\u00f3 de manera abierta con los medios y toc\u00f3 varios t\u00f3picos sobre c\u00f3mo le est\u00e1 yendo al club desde que asumi\u00f3 a finales de 2024.<\/p>\n<\/header>\n<article class=\"article-body article-body--first-paragraph\" data-td-script-src=\"https:\/\/www.ambito.com\/td\/modulos\/encuestas\/js\/function-embeds-min-version-1788408512.js\">\n<p id=\"p-1788469024820-14086\"><strong> Diego Milito<\/strong> habl\u00f3 este jueves sobre el <a href=\"https:\/\/www.ambito.com\/deportes\/rodrigo-paul-fue-al-cilindro-ver-racing-asi-reacciono-al-gol-marcos-rojo-boca-n6314119\" target=\"_blank\" rel=\"follow\">dif\u00edcil momento que est\u00e1 pasando Racing<\/a> desde lo futbol\u00edstico y no le huy\u00f3 a las preguntas controversiales que hizo la prensa en el <a href=\"https:\/\/www.ambito.com\/deportes\/el-curioso-penal-que-le-cobraron-racing-quedo-camiseta-y-lo-iban-amonestar-pero-lo-el-var-n6316657\" target=\"_blank\" rel=\"follow\">hall central de la instituci\u00f3n<\/a>. Como primera autocr\u00edtica, dijo: \u201c<strong>Yo soy el m\u00e1ximo responsable como presidente del club<\/strong>&#8220;.<\/p>\n<\/article>\n<section class=\"suscription-false printed-edition\" style=\"display:none\">\n<p> El contenido al que quiere acceder es exclusivo para suscriptores.<\/p>\n<p>  <span> <button type=\"button\" name=\"button\" class=\"subscribe-btn mercadopago-btn\">suscribirse<\/button><\/span>  <span class=\"btns\"><button type=\"button\" name=\"button\" class=\"subscribe-btn reload-login\"> ya estoy suscripto<\/button><\/span>  <\/p>\n<\/section>\n<article class=\"article-body article-body--second-paragraph\">\n<p id=\"p-1788469024820-78893\">En segunda instancia, comenz\u00f3 a responder las preguntas que le propagaron y fue claro sobre el nivel que est\u00e1 viendo del equipo en el Torneo Clausura: \u201c<strong>Racing no puede estar en la posici\u00f3n de la tabla en la que se encuentra actualmente<\/strong>. No estamos contentos como tampoco lo est\u00e1 la gente y tienen raz\u00f3n&#8221;, asegur\u00f3.<\/p>\n<\/article>\n<section class=\"related-news\">\n<div class=\"row row--eq-height\">\n<div class=\"col-12 col-md-6\">\n<article class=\"news-article news-article--landscape-news news-article--landscape-news\">\n<figure class=\"news-article__figure figure\">\t\t<a href=\"https:\/\/www.ambito.com\/deportes\/tuvo-un-paso-fugaz-e-inesperado-boca-fundo-un-club-su-imagen-y-hoy-cultiva-cafe-n6317720\" target=\"\" title=\"\u00e1mbito.com | Tuvo un paso fugaz e inesperado en Boca, fund\u00f3 un club a su imagen y hoy cultiva caf\u00e9\" alt=\"\u00e1mbito.com | Tuvo un paso fugaz e inesperado en Boca, fund\u00f3 un club a su imagen y hoy cultiva caf\u00e9\" rel=\"noindex nofollow noreferrer\"><br \/>\n\t\t\t\t\t\t\t\t\t\t\t<img loading=\"lazy\" src=\"https:\/\/chacosintesis.com.ar\/wp-content\/uploads\/2026\/09\/La-dura-autocritica-de-Diego-Milito-ante-su-mandato-como.jpg\" decoding=\"async\" fetchpriority=\"low\" loading=\"lazy\" alt=\"Fue parte del Xeneize sin que muchos supieran los motivos de su llegada y qued\u00f3 enamorado del club.\" title=\"Fue parte del Xeneize sin que muchos supieran los motivos de su llegada y qued\u00f3 enamorado del club.\" width=\"93\" height=\"52\" class=\"news-article__figure-img figure-img img-fluid\"\/>  <span class=\"news-article__media-badge news-article__media-badge--video\"\/><\/a>\t\t<\/figure>\n<\/article><\/div>\n<\/div>\n<\/section>\n<article class=\"article-body article-body--third-paragraph\">\n<div contenteditable=\"false\" class=\"embed_cont type_imagen\" id=\"8020370-Libre-1790157519_wrap\">\n<div id=\"8020370-Libre-1790157519_content\" class=\"embed_content\"><img src=\"https:\/\/chacosintesis.com.ar\/wp-content\/uploads\/2026\/09\/La-dura-autocritica-de-Diego-Milito-ante-su-mandato-como.png\" decoding=\"async\" fetchpriority=\"low\" loading=\"lazy\" alt=\"Diego Milito, de leyenda a presidente.\" title=\"Diego Milito, de leyenda a presidente.\" width=\"730\" height=\"undefined\" id=\"8020370-Libre-1790157519_embed\"\/><\/div>\n<div class=\"embed_wrapper-cont\" id=\"p-1788469511164-14761\">\n<div id=\"8020370-Libre-1790157519_epigrafe\" class=\"embed_epigrafe\">\n<p id=\"p-1788469526871-83298\">Diego Milito, de leyenda a presidente.<\/p>\n<\/div><\/div>\n<\/p><\/div>\n<p id=\"p-1788469024820-15956\">En el \u00faltimo torneo que queda en el semestre del f\u00fatbol argentino, el conjunto de Avellaneda se encuentra en la <strong>ante\u00faltima posici\u00f3n de la Zona B<\/strong>, mientras que en la tabla anual est\u00e1 vig\u00e9simo segundo, <strong>a ocho lugares del descenso<\/strong>, aunque le lleva 16 puntos a Aldosivi.<\/p>\n<\/article>\n<article class=\"article-body article-body--fourth-paragraph\">\n<p id=\"p-1788469024820-80444\">Milito fue claro y tambi\u00e9n opin\u00f3 sobre Gustavo Costas, t\u00e9cnico que estuvo en la primera parte del a\u00f1o: \u201c<strong>Haberle renovado a Costas fue un error y lo asumo. Perdimos de vista el posible desgaste del plantel<\/strong>\u201d, sentenci\u00f3. El exentrenador consigui\u00f3 la <strong>Copa<\/strong> <strong>Sudamericana en 2024 <\/strong>y la <strong>Recopa en 2025<\/strong>, pero en el Torneo Apertura qued\u00f3 en el octavo lugar, avanz\u00f3 a los playoff en la \u00faltima plaza y posteriormente cay\u00f3 ante Estudiantes de La Plata en cuartos de final.<\/p>\n<\/article>\n<article class=\"article-body article-body--fifth-paragraph\">\n<div contenteditable=\"false\" class=\"embed_cont type_imagen\" id=\"8009522-Libre-169699953_wrap\">\n<div id=\"8009522-Libre-169699953_content\" class=\"embed_content\"><img loading=\"lazy\" src=\"https:\/\/chacosintesis.com.ar\/wp-content\/uploads\/2026\/09\/1788519917_333_La-dura-autocritica-de-Diego-Milito-ante-su-mandato-como.jpg\" decoding=\"async\" fetchpriority=\"low\" loading=\"lazy\" alt=\"Racing campe\u00f3n de la Sudamericana con Costas como DT.\" title=\"Racing campe\u00f3n de la Sudamericana con Costas como DT.\" width=\"690\" height=\"460\" id=\"8009522-Libre-169699953_embed\"\/><\/div>\n<div class=\"embed_wrapper-cont\" id=\"p-1788469544210-82734\">\n<div id=\"8009522-Libre-169699953_epigrafe\" class=\"embed_epigrafe\">\n<p id=\"p-1788469566788-14626\">Racing campe\u00f3n de la Sudamericana con Costas como DT.<\/p>\n<\/div>\n<p>Conmebol<\/p>\n<\/div><\/div>\n<p id=\"p-1788469186251-29489\">Sin ir m\u00e1s lejos, el equipo bajo el mandato de Costas qued\u00f3 <strong>eliminado en fase de grupos de Copa Sudamericana<\/strong>, en una instancia que en principio parec\u00eda f\u00e1cil para la mayor\u00eda de los hinchas. Al quedar afuera contra Caracas, de local, el p\u00fablico se manifest\u00f3 y el<strong> entrenador renunci\u00f3 el 23 de mayo de este a\u00f1o<\/strong>.<\/p>\n<\/article>\n<article class=\"article-body article-body--remaining-paragraph\">\n<p id=\"p-1788469024820-64816\">A pesar de esto, se mostr\u00f3 con confianza para que Racing remonte la situaci\u00f3n en el futuro: \u201c<strong>Estoy plenamente convencido de que podemos sacar esto adelante<\/strong>. Tenemos el tercer plantel mejor valorado del f\u00fatbol argentino, despu\u00e9s de River y Boca\u201d, afirm\u00f3. Y agreg\u00f3: \u201c<strong>Es un equipo nuevo, en plena formaci\u00f3n, con un cuerpo t\u00e9cnico nuevo<\/strong>\u201d, en referencia a que necesitan tiempo para que el contexto vuelva a estar en tranquilidad.<\/p>\n<div contenteditable=\"false\" class=\"embed_cont type_imagen\" id=\"8018181-Libre-2084158826_wrap\">\n<div id=\"8018181-Libre-2084158826_content\" class=\"embed_content\"><img src=\"https:\/\/chacosintesis.com.ar\/wp-content\/uploads\/2026\/09\/1788519917_815_La-dura-autocritica-de-Diego-Milito-ante-su-mandato-como.jpg\" decoding=\"async\" fetchpriority=\"low\" loading=\"lazy\" alt=\"Diego Milito votando en diciembre de 2024.\" title=\"Diego Milito votando en diciembre de 2024.\" width=\"730\" height=\"undefined\" id=\"8018181-Libre-2084158826_embed\"\/><\/div>\n<div class=\"embed_wrapper-cont\" id=\"p-1788469584771-57401\">\n<div id=\"8018181-Libre-2084158826_epigrafe\" class=\"embed_epigrafe\">\n<p id=\"p-1788469618453-83025\">Diego Milito votando en diciembre de 2024.<\/p>\n<\/div><\/div>\n<\/p><\/div>\n<p id=\"p-1788469024820-69536\">Por otro lado, tambi\u00e9n fue claro sobre la postura que tiene ante los hinchas que se dicen arrepentidos de votarlo como presidente en diciembre de 2024: \u201c<strong>Yo al hincha no le puedo reclamar absolutamente nada<\/strong>. Al contrario, siempre le agradezco el apoyo y entiendo su reacci\u00f3n. <strong>Siempre me pongo en su lugar<\/strong>\u201d, sostuvo.<\/p>\n<p id=\"p-1788469024820-40341\">En relaci\u00f3n con los comentarios de los hinchas, aclar\u00f3 sobre qu\u00e9 se trataba el famoso \u201csalto de calidad\u201d que prometi\u00f3 en su campa\u00f1a: \u201c<strong>Cuando uno se refer\u00eda al salto de calidad se refer\u00eda a lo institucional<\/strong>. Comprar un colegio, inaugurar un centro de alto rendimiento en Ezeiza, ver c\u00f3mo los chicos est\u00e1n compitiendo de la mejor manera en Espa\u00f1a contra los mejores, haber tra\u00eddo de vuelta a Nike a la Argentina y ser el \u00fanico que lo viste\u201d.<\/p>\n<div contenteditable=\"false\" class=\"embed_cont type_imagen\" id=\"8224105-Libre-329864081_wrap\">\n<div id=\"8224105-Libre-329864081_content\" class=\"embed_content\"><img src=\"https:\/\/chacosintesis.com.ar\/wp-content\/uploads\/2026\/09\/1788519917_436_La-dura-autocritica-de-Diego-Milito-ante-su-mandato-como.jpg\" decoding=\"async\" fetchpriority=\"low\" loading=\"lazy\" alt=\"Racing no puede levantar el nivel.\" title=\"Racing no puede levantar el nivel.\" width=\"730\" height=\"undefined\" id=\"8224105-Libre-329864081_embed\"\/><\/div>\n<div class=\"embed_wrapper-cont\" id=\"p-1788469662142-66594\">\n<div id=\"8224105-Libre-329864081_epigrafe\" class=\"embed_epigrafe\">\n<p id=\"p-1788469675898-96282\">Racing no puede levantar el nivel.<\/p>\n<\/div><\/div>\n<\/p><\/div>\n<p id=\"p-1788469024820-1885\">Por \u00faltimo, Milito habl\u00f3 sobre el video que se filtr\u00f3 en un contexto privado, en el que le respondi\u00f3 a las cr\u00edticas que hac\u00eda la prensa y los hinchas contra \u00e9l: \u201c<strong>No me gust\u00f3 que haya salido a la luz. Era un contexto muy \u00edntimo<\/strong>\u201d, concluy\u00f3.<\/p>\n<\/article>\n<p>\t\t<!-- REGION4 } --><\/div>\n<p><script>\n!function(f,b,e,v,n,t,s)\n{if(f.fbq)return;n=f.fbq=function(){n.callMethod?\nn.callMethod.apply(n,arguments):n.queue.push(arguments)};\nif(!f._fbq)f._fbq=n;n.push=n;n.loaded=!0;n.version='2.0';\nn.queue=[];t=b.createElement(e);t.async=!0;\nt.src=v;s=b.getElementsByTagName(e)[0];\ns.parentNode.insertBefore(t,s)}(window,document,'script',\n'https:\/\/connect.facebook.net\/en_US\/fbevents.js');\nfbq('init', '2047048335588113');\nfbq('track', 'PageView');\n<\/script><\/p>\n<p>Ambito.-<\/p>\n","protected":false},"excerpt":{"rendered":"<p>3 de septiembre 2026 &#8211; 20:25 El mandam\u00e1s de la instituci\u00f3n de Avellaneda habl\u00f3 de manera abierta con los medios y toc\u00f3 varios t\u00f3picos sobre c\u00f3mo le est\u00e1 yendo al club desde que asumi\u00f3 a finales de 2024. Diego Milito habl\u00f3 este jueves sobre el dif\u00edcil momento que est\u00e1 pasando Racing desde lo futbol\u00edstico y [&hellip;]<\/p>\n","protected":false},"author":1,"featured_media":262020,"comment_status":"closed","ping_status":"","sticky":false,"template":"","format":"standard","meta":{"footnotes":""},"categories":[7],"tags":[1077,1079],"class_list":["post-262019","post","type-post","status-publish","format-standard","has-post-thumbnail","category-deportes","tag-diego-milito","tag-racing"],"_links":{"self":[{"href":"https:\/\/chacosintesis.com.ar\/index.php\/wp-json\/wp\/v2\/posts\/262019","targetHints":{"allow":["GET"]}}],"collection":[{"href":"https:\/\/chacosintesis.com.ar\/index.php\/wp-json\/wp\/v2\/posts"}],"about":[{"href":"https:\/\/chacosintesis.com.ar\/index.php\/wp-json\/wp\/v2\/types\/post"}],"author":[{"embeddable":true,"href":"https:\/\/chacosintesis.com.ar\/index.php\/wp-json\/wp\/v2\/users\/1"}],"replies":[{"embeddable":true,"href":"https:\/\/chacosintesis.com.ar\/index.php\/wp-json\/wp\/v2\/comments?post=262019"}],"version-history":[{"count":0,"href":"https:\/\/chacosintesis.com.ar\/index.php\/wp-json\/wp\/v2\/posts\/262019\/revisions"}],"wp:featuredmedia":[{"embeddable":true,"href":"https:\/\/chacosintesis.com.ar\/index.php\/wp-json\/wp\/v2\/media\/262020"}],"wp:attachment":[{"href":"https:\/\/chacosintesis.com.ar\/index.php\/wp-json\/wp\/v2\/media?parent=262019"}],"wp:term":[{"taxonomy":"category","embeddable":true,"href":"https:\/\/chacosintesis.com.ar\/index.php\/wp-json\/wp\/v2\/categories?post=262019"},{"taxonomy":"post_tag","embeddable":true,"href":"https:\/\/chacosintesis.com.ar\/index.php\/wp-json\/wp\/v2\/tags?post=262019"}],"curies":[{"name":"wp","href":"https:\/\/api.w.org\/{rel}","templated":true}]}}