{"id":262015,"date":"2026-09-04T08:04:11","date_gmt":"2026-09-04T11:04:11","guid":{"rendered":"https:\/\/chacosintesis.com.ar\/index.php\/la-culpa-de-saber-que-me-hago-mal-a-mi-misma-soledad-fandino-sobre-el-cancer_a6a99ef0771ba51456469000a\/"},"modified":"2026-09-04T08:04:11","modified_gmt":"2026-09-04T11:04:11","slug":"la-culpa-de-saber-que-me-hago-mal-a-mi-misma-soledad-fandino-sobre-el-cancer_a6a99ef0771ba51456469000a","status":"publish","type":"post","link":"https:\/\/chacosintesis.com.ar\/index.php\/la-culpa-de-saber-que-me-hago-mal-a-mi-misma-soledad-fandino-sobre-el-cancer_a6a99ef0771ba51456469000a\/","title":{"rendered":"\u201cLa culpa de saber que me hago mal a m\u00ed misma\u201d: Soledad Fandi\u00f1o sobre el c\u00e1ncer"},"content":{"rendered":"<p><img decoding=\"async\" src=\"https:\/\/chacosintesis.com.ar\/wp-content\/uploads\/2026\/09\/La-culpa-de-saber-que-me-hago-mal-a-mi.jpeg\" \/><\/p>\n<div itemprop=\"articleBody\">\n<p>Buenos Aires, 3 septiembre (NA) &#8212; La actriz <strong>Soledad Fandi\u00f1o revel\u00f3 que busca \u201ccompartir la vida\u201d<\/strong>, por m\u00e1s cruda que fuera la realidad y, en este marco, explic\u00f3 que <strong>\u201ctras el diagn\u00f3stico de c\u00e1ncer\u201d, apunta a combatir el estr\u00e9s,<\/strong> aunque en ocasiones la meta se torna cuesta arriba: public\u00f3 un video a<strong>l borde de las l\u00e1grimas donde pidi\u00f3 que le compartieran t\u00e9cnicas antiestr\u00e9s.<\/strong><\/p>\n<p><strong>\u201cLa culpa de saber que me hago mal a m\u00ed misma\u201d<\/strong> es una de las frases que llev\u00f3 al quiebre a la actriz, este mediod\u00eda, en sus redes sociales. Sin embargo, la publicaci\u00f3n que alcanz\u00f3 casi cuatro mil reacciones tambi\u00e9n fue un espacio de aliento y as\u00ed lo agradeci\u00f3.<\/p>\n<p>Con un nuevo posteo y desde su auto, la int\u00e9rprete respondi\u00f3: <strong>\u201cMe emocionan mucho todos los mensajes que me mandan y las llamadas que recibo, voy a contestar de a poco\u201d<\/strong>. En este video se la puede ver con un look logrado y prolijo, lista para ponerse frente a c\u00e1mara.<\/p>\n<p><tadevel-ad  class=\"block-4d\" slot-id=\"article-inline-01\"\/><\/p>\n<p><strong>\u201cEs normal, es la vida, uno de repente est\u00e1 mal y despu\u00e9s hay que hacer las obligaciones. Sin embargo, en otro momento s\u00f3lo hubiera compartido esto<\/strong> (se se\u00f1ala la cara con un perfecto maquillaje) en una foto que no dice nada. <strong>Ahora quiero compartir la verdad y lo que hay detr\u00e1s de lo que pasa, as\u00ed que gracias por estar<\/strong>\u201d, cerr\u00f3.<\/p>\n<figure class=\"multimedia\" data-tadevel-template=\"web\/multimedia\" data-type=\"video\"\/>\n<p>Es que hace s\u00f3lo algunas horas, la actriz public\u00f3 un video donde se\u00f1al\u00f3: <strong>\u201cUna de las cosas que me dijeron que tengo que evitar es el estr\u00e9s<\/strong> o por lo menos es lo que me dijeron a m\u00ed. Cuando <strong>pasan cosas que te estresan y los dem\u00e1s no entienden, se convierte en una lucha encima para no estresarte, y es peor.<\/strong> No s\u00e9 si les pasa, pero si tienen t\u00e9cnicas para eso, me las podr\u00edan pasar\u201d.<\/p>\n<p><tadevel-ad  class=\"block-4d\" slot-id=\"article-inline-02\"\/><\/p>\n<p>Junto al clip breve, la artista escribi\u00f3: \u201cDud\u00e9 en subir esto, pero <strong>es parte tambi\u00e9n de la vida real, a veces estamos arriba y otras veces no nos sentimos tan bien.<\/strong> Me gusta mostrar lo lindo pero siento que <strong>tambi\u00e9n se puede mostrar la parte que no se ve pero que tambi\u00e9n existe<\/strong>\u201d.<\/p>\n<p><strong>\u201cDespu\u00e9s del diagn\u00f3stico de c\u00e1ncer de mama, me recomendaron evitar el estr\u00e9s, y es lo que intento cada d\u00eda<\/strong>: hago mis respiraciones, medito, camino, hago ejercicio, yoga, pilates, pero a veces <strong>no puedo evitar estresarme por algo que me hace mal o por algo que alguien me dice, y es ah\u00ed cuando al estr\u00e9s se le suma la culpa<\/strong>\u201d, continu\u00f3.<\/p>\n<p>&#8220;<strong>La culpa de saber que estres\u00e1ndome me estoy haciendo mal a m\u00ed misma; son emociones negativas que se retroalimentan y me cuesta mucho m\u00e1s salir de ah\u00ed porque me da culpa sentir estr\u00e9s y me estresa la culpa.<\/strong> \u00bfLes pasa? \u00bfQu\u00e9 hacen en momentos as\u00ed?\u201d, cerr\u00f3.<\/p>\n<p><tadevel-ad  class=\"block-4d\" slot-id=\"article-inline-03\"\/><\/p>\n<p>Agencia NA<\/p>\n<\/div>\n<p><img decoding=\"async\" src=\"https:\/\/chacosintesis.com.ar\/wp-content\/uploads\/2026\/09\/1788519851_151_La-culpa-de-saber-que-me-hago-mal-a-mi.jpeg\"><\/p>\n<p>Noticias Argentinas<\/p>\n","protected":false},"excerpt":{"rendered":"<p>Buenos Aires, 3 septiembre (NA) &#8212; La actriz Soledad Fandi\u00f1o revel\u00f3 que busca \u201ccompartir la vida\u201d, por m\u00e1s cruda que fuera la realidad y, en este marco, explic\u00f3 que \u201ctras el diagn\u00f3stico de c\u00e1ncer\u201d, apunta a combatir el estr\u00e9s, aunque en ocasiones la meta se torna cuesta arriba: public\u00f3 un video al borde de las [&hellip;]<\/p>\n","protected":false},"author":1,"featured_media":262017,"comment_status":"closed","ping_status":"","sticky":false,"template":"","format":"standard","meta":{"footnotes":""},"categories":[188],"tags":[],"class_list":["post-262015","post","type-post","status-publish","format-standard","has-post-thumbnail","category-farandula"],"_links":{"self":[{"href":"https:\/\/chacosintesis.com.ar\/index.php\/wp-json\/wp\/v2\/posts\/262015","targetHints":{"allow":["GET"]}}],"collection":[{"href":"https:\/\/chacosintesis.com.ar\/index.php\/wp-json\/wp\/v2\/posts"}],"about":[{"href":"https:\/\/chacosintesis.com.ar\/index.php\/wp-json\/wp\/v2\/types\/post"}],"author":[{"embeddable":true,"href":"https:\/\/chacosintesis.com.ar\/index.php\/wp-json\/wp\/v2\/users\/1"}],"replies":[{"embeddable":true,"href":"https:\/\/chacosintesis.com.ar\/index.php\/wp-json\/wp\/v2\/comments?post=262015"}],"version-history":[{"count":0,"href":"https:\/\/chacosintesis.com.ar\/index.php\/wp-json\/wp\/v2\/posts\/262015\/revisions"}],"wp:featuredmedia":[{"embeddable":true,"href":"https:\/\/chacosintesis.com.ar\/index.php\/wp-json\/wp\/v2\/media\/262017"}],"wp:attachment":[{"href":"https:\/\/chacosintesis.com.ar\/index.php\/wp-json\/wp\/v2\/media?parent=262015"}],"wp:term":[{"taxonomy":"category","embeddable":true,"href":"https:\/\/chacosintesis.com.ar\/index.php\/wp-json\/wp\/v2\/categories?post=262015"},{"taxonomy":"post_tag","embeddable":true,"href":"https:\/\/chacosintesis.com.ar\/index.php\/wp-json\/wp\/v2\/tags?post=262015"}],"curies":[{"name":"wp","href":"https:\/\/api.w.org\/{rel}","templated":true}]}}