{"id":262014,"date":"2026-09-04T08:04:10","date_gmt":"2026-09-04T11:04:10","guid":{"rendered":"https:\/\/chacosintesis.com.ar\/index.php\/resistencia-detuvieron-a-un-hombre-por-el-hurto-de-una-valija-con-dinero-y-pertenencias\/"},"modified":"2026-09-04T08:04:13","modified_gmt":"2026-09-04T11:04:13","slug":"resistencia-detuvieron-a-un-hombre-por-el-hurto-de-una-valija-con-dinero-y-pertenencias","status":"publish","type":"post","link":"https:\/\/chacosintesis.com.ar\/index.php\/resistencia-detuvieron-a-un-hombre-por-el-hurto-de-una-valija-con-dinero-y-pertenencias\/","title":{"rendered":"RESISTENCIA: Detuvieron A Un Hombre Por El Hurto De Una Valija Con Dinero Y Pertenencias"},"content":{"rendered":"<p><img decoding=\"async\" src=\"\"><\/p>\n<div id=\"post-382786\">\n<p><\/p>\n<div class=\"single-post-image\">\n<figure><\/figure>\n<\/p><\/div>\n<p><!-- .single-post-image --><br \/>\n\t\t<!-- .entry-header --><\/p>\n<div class=\"entry-content\">\n<p>Con la informaci\u00f3n aportada, los efectivos del Servicio Externo analizaron c\u00e1maras de seguridad de la zona, realizaron entrevistas y recabaron datos de los vecinos y de esta manera, obtuvieron las caracter\u00edsticas del presunto autor y se tratar\u00eda de una persona en situaci\u00f3n de calle que frecuentaba la zona.<\/p>\n<p>Luego los efectivos realizaron tareas de vigilancia discreta en inmediaciones de un comedor comunitario, donde finalmente localizaron al sospechoso. Al momento de su demora, presentaba caracter\u00edsticas y vestimenta que coincid\u00edan con las observadas en las im\u00e1genes de las c\u00e1maras.<\/p>\n<p>El hombre fue trasladado a la dependencia policial y por disposici\u00f3n de la Fiscal\u00eda interviniente, qued\u00f3 aprehendido en la causa por supuesto hurto. Adem\u00e1s, se secuestraron una campera negra, un pantal\u00f3n de jean azul y un par de zapatillas negras, prendas que ser\u00edan las mismas utilizadas durante el hecho.<\/p>\n<p>Las investigaciones contin\u00faan para determinar el destino de los dem\u00e1s elementos sustra\u00eddos.<\/p>\n<div class=\"heateor_sss_sharing_container heateor_sss_horizontal_sharing\" data-heateor-sss-href=\"https:\/\/www.noticiasdelparana.com.ar\/NuevaEdicion\/2026\/09\/04\/resistencia-detuvieron-a-un-hombre-por-el-hurto-de-una-valija-con-dinero-y-pertenencias\/\">\n<p>Compart\u00ed esta nota en tus redes sociales&#8230;<\/p>\n<\/div><\/div>\n<p><!-- .entry-content --><\/p>\n<p>\t<!-- .entry-footer -->\n<\/div>\n<\/p>\n<p><strong>Seguinos para m\u00e1s informaci\u00f3n actualizada.<\/strong><\/p>\n","protected":false},"excerpt":{"rendered":"<p>Con la informaci\u00f3n aportada, los efectivos del Servicio Externo analizaron c\u00e1maras de seguridad de la zona, realizaron entrevistas y recabaron datos de los vecinos y de esta manera, obtuvieron las caracter\u00edsticas del presunto autor y se tratar\u00eda de una persona en situaci\u00f3n de calle que frecuentaba la zona. Luego los efectivos realizaron tareas de vigilancia [&hellip;]<\/p>\n","protected":false},"author":1,"featured_media":262016,"comment_status":"closed","ping_status":"","sticky":false,"template":"","format":"standard","meta":{"footnotes":""},"categories":[5],"tags":[],"class_list":["post-262014","post","type-post","status-publish","format-standard","has-post-thumbnail","category-policiales"],"_links":{"self":[{"href":"https:\/\/chacosintesis.com.ar\/index.php\/wp-json\/wp\/v2\/posts\/262014","targetHints":{"allow":["GET"]}}],"collection":[{"href":"https:\/\/chacosintesis.com.ar\/index.php\/wp-json\/wp\/v2\/posts"}],"about":[{"href":"https:\/\/chacosintesis.com.ar\/index.php\/wp-json\/wp\/v2\/types\/post"}],"author":[{"embeddable":true,"href":"https:\/\/chacosintesis.com.ar\/index.php\/wp-json\/wp\/v2\/users\/1"}],"replies":[{"embeddable":true,"href":"https:\/\/chacosintesis.com.ar\/index.php\/wp-json\/wp\/v2\/comments?post=262014"}],"version-history":[{"count":1,"href":"https:\/\/chacosintesis.com.ar\/index.php\/wp-json\/wp\/v2\/posts\/262014\/revisions"}],"predecessor-version":[{"id":262018,"href":"https:\/\/chacosintesis.com.ar\/index.php\/wp-json\/wp\/v2\/posts\/262014\/revisions\/262018"}],"wp:featuredmedia":[{"embeddable":true,"href":"https:\/\/chacosintesis.com.ar\/index.php\/wp-json\/wp\/v2\/media\/262016"}],"wp:attachment":[{"href":"https:\/\/chacosintesis.com.ar\/index.php\/wp-json\/wp\/v2\/media?parent=262014"}],"wp:term":[{"taxonomy":"category","embeddable":true,"href":"https:\/\/chacosintesis.com.ar\/index.php\/wp-json\/wp\/v2\/categories?post=262014"},{"taxonomy":"post_tag","embeddable":true,"href":"https:\/\/chacosintesis.com.ar\/index.php\/wp-json\/wp\/v2\/tags?post=262014"}],"curies":[{"name":"wp","href":"https:\/\/api.w.org\/{rel}","templated":true}]}}