{"id":26190,"date":"2023-09-02T15:59:44","date_gmt":"2023-09-02T18:59:44","guid":{"rendered":"https:\/\/chacosintesis.com.ar\/?p=26190"},"modified":"2023-09-02T16:07:23","modified_gmt":"2023-09-02T19:07:23","slug":"el-gobierno-provincial-repudio-las-agresiones-al-juez-juan-lubary","status":"publish","type":"post","link":"https:\/\/chacosintesis.com.ar\/index.php\/el-gobierno-provincial-repudio-las-agresiones-al-juez-juan-lubary\/","title":{"rendered":"El Gobierno provincial repudi\u00f3 las agresiones al juez Juan Lubary"},"content":{"rendered":"<div class=\"postie-post\">Ocurri\u00f3 el viernes al mediod\u00eda cuando el magistrado deb\u00eda resolver la situaci\u00f3n procesal de un adolescente implicado en un delito. La Polic\u00eda del Chaco intervino para evitar la agresi\u00f3n. El Gobierno provincial, a trav\u00e9s del Ministerio de Seguridad y Justicia, repudi\u00f3 los hechos de violencia que derivaron en una agresi\u00f3n al juez Juan Pablo Lubary, quien fue amenazado por un grupo de personas tras negarse a otorgar la libertad inmediata a un menor de edad imputado y detenido por un robo a mano armada.<br \/>\n\u201cNo vamos a tolerar que un grupo de personas presionen y agredan a un juez. La Justicia trabaja en resolver la situaci\u00f3n del menor con los plazos establecidos, respetando la normativa y garantizando derechos. Por lo que repudiamos todo tipo de acto de violencia, sobre todo teniendo en cuenta de que hay autoridad judicial interviniendo y que esa autoridad judicial est\u00e1 realizando su trabajo\u201d, advirti\u00f3 la ministra de Seguridad y Justicia, Gloria Zalazar.<br \/>\nEl viernes al mediod\u00eda en la capital chaque\u00f1a, un grupo de 20 personas llev\u00f3 adelante una manifestaci\u00f3n en el edificio del Fuero de Ni\u00f1ez, Adolescencia y Familia N\u00ba 3, a cargo de Juan Pablo Lubary. Quien, a instancias de retirarse del juzgado, fue abordado por los manifestantes, que reclamaban por la libertad de un adolescente menor de edad implicado en una causa por robo a mano armada.<br \/>\nAnte la solicitud del juez de que se retiren del lugar y, esperen a que la Justicia determine la situaci\u00f3n procesal del menor en cuesti\u00f3n, este grupo de personas agredi\u00f3 al magistrado debiendo intervenir el personal de la Polic\u00eda del Chaco para resguardar su integridad f\u00edsica.<br \/>\nAsimismo, desde el Ministerio y la Justicia destacaron el accionar del personal policial que procedi\u00f3 correctamente para evitar una situaci\u00f3n de violencia y preservar la seguridad de todas las personas presentes.<\/p>\n<p>Paralelamente, la Polic\u00eda trabaja junto a la Justicia para identificar a las personas que agredieron al juez, quien realizar\u00e1 las denuncias correspondientes para determinar las responsabilidades de los agresores.<\/p><\/div>\n","protected":false},"excerpt":{"rendered":"<p>Ocurri\u00f3 el viernes al mediod\u00eda cuando el magistrado deb\u00eda resolver la situaci\u00f3n procesal de un adolescente implicado en un delito. La Polic\u00eda del Chaco intervino para evitar la agresi\u00f3n. El Gobierno provincial, a trav\u00e9s del Ministerio de Seguridad y Justicia, repudi\u00f3 los hechos de violencia que derivaron en una agresi\u00f3n al juez Juan Pablo Lubary, [&hellip;]<\/p>\n","protected":false},"author":1,"featured_media":26191,"comment_status":"closed","ping_status":"closed","sticky":false,"template":"","format":"standard","meta":{"footnotes":""},"categories":[6],"tags":[],"class_list":{"0":"post-26190","1":"post","2":"type-post","3":"status-publish","4":"format-standard","5":"has-post-thumbnail","7":"category-chaco"},"_links":{"self":[{"href":"https:\/\/chacosintesis.com.ar\/index.php\/wp-json\/wp\/v2\/posts\/26190","targetHints":{"allow":["GET"]}}],"collection":[{"href":"https:\/\/chacosintesis.com.ar\/index.php\/wp-json\/wp\/v2\/posts"}],"about":[{"href":"https:\/\/chacosintesis.com.ar\/index.php\/wp-json\/wp\/v2\/types\/post"}],"author":[{"embeddable":true,"href":"https:\/\/chacosintesis.com.ar\/index.php\/wp-json\/wp\/v2\/users\/1"}],"replies":[{"embeddable":true,"href":"https:\/\/chacosintesis.com.ar\/index.php\/wp-json\/wp\/v2\/comments?post=26190"}],"version-history":[{"count":0,"href":"https:\/\/chacosintesis.com.ar\/index.php\/wp-json\/wp\/v2\/posts\/26190\/revisions"}],"wp:featuredmedia":[{"embeddable":true,"href":"https:\/\/chacosintesis.com.ar\/index.php\/wp-json\/wp\/v2\/media\/26191"}],"wp:attachment":[{"href":"https:\/\/chacosintesis.com.ar\/index.php\/wp-json\/wp\/v2\/media?parent=26190"}],"wp:term":[{"taxonomy":"category","embeddable":true,"href":"https:\/\/chacosintesis.com.ar\/index.php\/wp-json\/wp\/v2\/categories?post=26190"},{"taxonomy":"post_tag","embeddable":true,"href":"https:\/\/chacosintesis.com.ar\/index.php\/wp-json\/wp\/v2\/tags?post=26190"}],"curies":[{"name":"wp","href":"https:\/\/api.w.org\/{rel}","templated":true}]}}