{"id":26186,"date":"2023-09-02T15:53:47","date_gmt":"2023-09-02T18:53:47","guid":{"rendered":"https:\/\/chacosintesis.com.ar\/?p=26186"},"modified":"2023-09-02T16:07:14","modified_gmt":"2023-09-02T19:07:14","slug":"seguridad-iluminacion-y-el-mejoramiento-de-servicios-son-las-prioridades-de-vecinas-y-vecinos-de-resistencia","status":"publish","type":"post","link":"https:\/\/chacosintesis.com.ar\/index.php\/seguridad-iluminacion-y-el-mejoramiento-de-servicios-son-las-prioridades-de-vecinas-y-vecinos-de-resistencia\/","title":{"rendered":"Seguridad, iluminaci\u00f3n y el mejoramiento de servicios son las prioridades de vecinas y vecinos de Resistencia"},"content":{"rendered":"<div class=\"postie-post\">Capitanich mantuvo un encuentro con comunidades de los barrios Villa Alta, Villa Pegoraro, Juan de Garay y Villa Seitor de Resistencia para definir una agenda de trabajo. El gobernador Jorge Capitanich mantuvo una reuni\u00f3n con vecinas y vecinos de los barrios Villa Alta, Villa Pegoraro, Juan de Garay y Villa Seitor de Resistencia, con la finalidad de acordar una agenda de pol\u00edticas p\u00fablicas presentadas de primera mano por la comunidad. \u201cLa ciudadan\u00eda siempre realiza aportes muy importantes para poder hacer, y nuestro trabajo es ir transformando la realidad de cada comunidad\u201d, afirm\u00f3 el mandatario. Continuando con su agenda de escucha activa en distintos puntos de la provincia, Capitanich deline\u00f3 acciones junto a los ciudadanos de dichos barrios, que centraron sus pedidos en optimizar los planes de seguridad para la zona. &#8220;Hemos explicado en detalle el plan de seguridad p\u00fablica que estamos implementando y algunas cuestiones complementarias, como la utilizaci\u00f3n de las c\u00e1maras de seguridad y su integraci\u00f3n al sistema p\u00fablico&#8221;, precis\u00f3 durante la charla que se realiz\u00f3 en el predio de las torres Sarmiento. En este punto, el jefe del Ejecutivo record\u00f3 diversas gestiones que se llevaron a cabo en esta materia, tanto en la capital chaque\u00f1a como en el resto de la provincia. &#8220;Hemos concretado la compra de m\u00e1s de 700 patrulleros, llegando a un estimado de 1.580 veh\u00edculos. Adem\u00e1s, vamos a ir consolidando un sistema de 3.500 c\u00e1maras y de cerca de 12.000 agentes en servicio en calle, articulando nuestra tarea con la justicia provincial y federal. As\u00ed que estamos en \u00f3ptimas condiciones para mejorar, ya que obviamente es un tema de enorme preocupaci\u00f3n de car\u00e1cter social&#8221;, afirm\u00f3. A su vez, vecinos y vecinas tambi\u00e9n solicitaron al gobernador intervenciones para el mejoramiento de la iluminaci\u00f3n nocturna, as\u00ed como tambi\u00e9n buscar mejorar servicios esenciales la energ\u00eda el\u00e9ctrica y la recolecci\u00f3n de basura. Y al respecto, Capitanich valor\u00f3 el trabajo de los foros vecinales para lograr una coordinaci\u00f3n con los distintos Ministerios para avanzar en distintas tareas para los barrios de manera inmediata. Finalmente, el mandatario destac\u00f3 el rol de la ciudadan\u00eda en la ejecuci\u00f3n de pol\u00edticas p\u00fablicas de mayor precisi\u00f3n y sostuvo: &#8220;hacemos el m\u00e1ximo esfuerzo para tratar de resolver los problemas que emergen en cada rinc\u00f3n de la provincia. Creo que es importante a partir de ahora seguir perfeccionando en estas cuestiones que faltan, porque sin dudas que mejoran la vida de la gente&#8221;.<\/div>\n","protected":false},"excerpt":{"rendered":"<p>Capitanich mantuvo un encuentro con comunidades de los barrios Villa Alta, Villa Pegoraro, Juan de Garay y Villa Seitor de Resistencia para definir una agenda de trabajo. El gobernador Jorge Capitanich mantuvo una reuni\u00f3n con vecinas y vecinos de los barrios Villa Alta, Villa Pegoraro, Juan de Garay y Villa Seitor de Resistencia, con la [&hellip;]<\/p>\n","protected":false},"author":1,"featured_media":26187,"comment_status":"closed","ping_status":"closed","sticky":false,"template":"","format":"standard","meta":{"footnotes":""},"categories":[6],"tags":[],"class_list":{"0":"post-26186","1":"post","2":"type-post","3":"status-publish","4":"format-standard","5":"has-post-thumbnail","7":"category-chaco"},"_links":{"self":[{"href":"https:\/\/chacosintesis.com.ar\/index.php\/wp-json\/wp\/v2\/posts\/26186","targetHints":{"allow":["GET"]}}],"collection":[{"href":"https:\/\/chacosintesis.com.ar\/index.php\/wp-json\/wp\/v2\/posts"}],"about":[{"href":"https:\/\/chacosintesis.com.ar\/index.php\/wp-json\/wp\/v2\/types\/post"}],"author":[{"embeddable":true,"href":"https:\/\/chacosintesis.com.ar\/index.php\/wp-json\/wp\/v2\/users\/1"}],"replies":[{"embeddable":true,"href":"https:\/\/chacosintesis.com.ar\/index.php\/wp-json\/wp\/v2\/comments?post=26186"}],"version-history":[{"count":0,"href":"https:\/\/chacosintesis.com.ar\/index.php\/wp-json\/wp\/v2\/posts\/26186\/revisions"}],"wp:featuredmedia":[{"embeddable":true,"href":"https:\/\/chacosintesis.com.ar\/index.php\/wp-json\/wp\/v2\/media\/26187"}],"wp:attachment":[{"href":"https:\/\/chacosintesis.com.ar\/index.php\/wp-json\/wp\/v2\/media?parent=26186"}],"wp:term":[{"taxonomy":"category","embeddable":true,"href":"https:\/\/chacosintesis.com.ar\/index.php\/wp-json\/wp\/v2\/categories?post=26186"},{"taxonomy":"post_tag","embeddable":true,"href":"https:\/\/chacosintesis.com.ar\/index.php\/wp-json\/wp\/v2\/tags?post=26186"}],"curies":[{"name":"wp","href":"https:\/\/api.w.org\/{rel}","templated":true}]}}