{"id":26184,"date":"2023-09-02T13:32:42","date_gmt":"2023-09-02T16:32:42","guid":{"rendered":"https:\/\/chacosintesis.com.ar\/?p=26184"},"modified":"2023-09-02T13:37:05","modified_gmt":"2023-09-02T16:37:05","slug":"campana-sucia-juntos-por-el-cambio-denuncio-destrozos-y-quita-de-carteles-de-zdero","status":"publish","type":"post","link":"https:\/\/chacosintesis.com.ar\/index.php\/campana-sucia-juntos-por-el-cambio-denuncio-destrozos-y-quita-de-carteles-de-zdero\/","title":{"rendered":"Campa\u00f1a sucia: Juntos por el Cambio denunci\u00f3 destrozos y quita de carteles de Zdero"},"content":{"rendered":"<div class=\"postie-post\">Desde Juntos por el Cambio expresamos nuestra profunda preocupaci\u00f3n e indignaci\u00f3n por los actos de violencia cometidos los \u00faltimos d\u00edas, en distintas localidades de la provincia, derribando pasacalles, carteles e intimidando a nuestros candidatos. Responsabilizamos a Capitanich, porque detr\u00e1s de estos actos de vandalismo en plena campa\u00f1a electoral est\u00e1n aquellos que tienen miedo de perder las elecciones y el poder dentro del oficialismo.<br \/>\nRechazamos firmemente los ataques sufridos y lamentamos, una vez m\u00e1s, los actos de irrespetuosidad, que sufrieron d\u00edas atr\u00e1s la Intendente de Santa Sylvina, Susana Maggio y el candidato a Intendente de Machagai Dr. Orlando Di N\u00fabila. Queremos una provincia donde podamos convivir, en un lugar seguro, donde no ocurran estas situaciones que alteran la sana convivencia y representan una falta de respeto a la sociedad<br \/>\nHacemos un llamado a las autoridades del Frente Chaque\u00f1o y al gobernador Capitanich, para que paren estas acciones violentas y garanticen a la ciudadan\u00eda un ambiente libre de amenazas. Pedimos que prevalezca la paz, el respeto y la tolerancia a fin de garantizar una convivencia pac\u00edfica.<br \/>\nDesde Juntos por el Cambio, afirmamos que el pensar distinto es un DERECHO Y NO LO VAN A PODER EVITAR A TRAV\u00c9S DE LA COACCI\u00d3N NI LA INTIMIDACI\u00d3N. Estamos acostumbrados a que den estos manotazos de ahogado porque saben que este 17 de septiembre se les termina el despilfarro y el poder- concluyeron.<\/div>\n","protected":false},"excerpt":{"rendered":"<p>Desde Juntos por el Cambio expresamos nuestra profunda preocupaci\u00f3n e indignaci\u00f3n por los actos de violencia cometidos los \u00faltimos d\u00edas, en distintas localidades de la provincia, derribando pasacalles, carteles e intimidando a nuestros candidatos. Responsabilizamos a Capitanich, porque detr\u00e1s de estos actos de vandalismo en plena campa\u00f1a electoral est\u00e1n aquellos que tienen miedo de perder [&hellip;]<\/p>\n","protected":false},"author":1,"featured_media":26185,"comment_status":"closed","ping_status":"closed","sticky":false,"template":"","format":"standard","meta":{"footnotes":""},"categories":[6],"tags":[],"class_list":{"0":"post-26184","1":"post","2":"type-post","3":"status-publish","4":"format-standard","5":"has-post-thumbnail","7":"category-chaco"},"_links":{"self":[{"href":"https:\/\/chacosintesis.com.ar\/index.php\/wp-json\/wp\/v2\/posts\/26184","targetHints":{"allow":["GET"]}}],"collection":[{"href":"https:\/\/chacosintesis.com.ar\/index.php\/wp-json\/wp\/v2\/posts"}],"about":[{"href":"https:\/\/chacosintesis.com.ar\/index.php\/wp-json\/wp\/v2\/types\/post"}],"author":[{"embeddable":true,"href":"https:\/\/chacosintesis.com.ar\/index.php\/wp-json\/wp\/v2\/users\/1"}],"replies":[{"embeddable":true,"href":"https:\/\/chacosintesis.com.ar\/index.php\/wp-json\/wp\/v2\/comments?post=26184"}],"version-history":[{"count":0,"href":"https:\/\/chacosintesis.com.ar\/index.php\/wp-json\/wp\/v2\/posts\/26184\/revisions"}],"wp:featuredmedia":[{"embeddable":true,"href":"https:\/\/chacosintesis.com.ar\/index.php\/wp-json\/wp\/v2\/media\/26185"}],"wp:attachment":[{"href":"https:\/\/chacosintesis.com.ar\/index.php\/wp-json\/wp\/v2\/media?parent=26184"}],"wp:term":[{"taxonomy":"category","embeddable":true,"href":"https:\/\/chacosintesis.com.ar\/index.php\/wp-json\/wp\/v2\/categories?post=26184"},{"taxonomy":"post_tag","embeddable":true,"href":"https:\/\/chacosintesis.com.ar\/index.php\/wp-json\/wp\/v2\/tags?post=26184"}],"curies":[{"name":"wp","href":"https:\/\/api.w.org\/{rel}","templated":true}]}}