{"id":26176,"date":"2023-09-01T20:06:26","date_gmt":"2023-09-01T23:06:26","guid":{"rendered":"https:\/\/chacosintesis.com.ar\/?p=26176"},"modified":"2023-09-01T20:36:44","modified_gmt":"2023-09-01T23:36:44","slug":"el-stj-rechazo-todo-hecho-de-violencia-y-apelo-al-dialogo-para-alcanzar-soluciones","status":"publish","type":"post","link":"https:\/\/chacosintesis.com.ar\/index.php\/el-stj-rechazo-todo-hecho-de-violencia-y-apelo-al-dialogo-para-alcanzar-soluciones\/","title":{"rendered":"El STJ rechaz\u00f3 \u201ctodo hecho de violencia\u201d y apel\u00f3 al di\u00e1logo para alcanzar soluciones"},"content":{"rendered":"<div class=\"postie-post\">El m\u00e1ximo tribunal se expres\u00f3 en solidaridad \u201ccon quienes han vivenciado situaciones\u201d de violencia tras conocerse el hostigamiento del que, en ejercicio de sus funciones, fue v\u00edctima el juez Juan Pablo Lubary, en Resistencia.<br \/>\nAnte las situaciones acaecidas este viernes por la ma\u00f1ana en el Fuero de Ni\u00f1ez, Adolescencia y Familia Penal, ubicado en la avenida Las Heras 320 de la ciudad de Resistencia, el Superior Tribunal de Justicia (STJ) expres\u00f3 que \u201cel camino debe ser siempre el del di\u00e1logo en la b\u00fasqueda de los consensos y las respuestas y soluciones posibles, rechazando todo hecho de violencia o uso de la fuerza sobre las personas y bienes&#8221;.<br \/>\nEl m\u00e1ximo tribunal de la provincia se solidariz\u00f3 \u201ccon quienes han vivenciado situaciones de esta \u00edndole, que deben evitarse y no contribuyen a la paz social tan necesaria para el bienestar de nuestra sociedad, el respeto a las instituciones y el ejercicio de la funci\u00f3n judicial como presupuestos de la rep\u00fablica democr\u00e1tica\u201d.<br \/>\nEste viernes, un grupo de personas se manifest\u00f3 con agresiones hacia el juez Juan Pablo Lubary, del Fuero Penal de Ni\u00f1ez Adolescencia y Familia, que debi\u00f3 salir de su lugar de trabajo con escolta policial y en un patrullero, seg\u00fan pudo verse en un video difundido sobre el hecho.<br \/>\nSeg\u00fan expres\u00f3 en un comunicado la Asociaci\u00f3n de Magistrados y Funcionarios Judiciales de la provincia, personas pertenecientes a grupos piqueteros requer\u00edan al juez la liberaci\u00f3n inmediata de un menor de edad imputado en un delito. Frente a la negativa del magistrado a ceder a esas acciones, acamparon a la salida del Juzgado y Lubary debi\u00f3 retirarse custodiado por la polic\u00eda.<\/div>\n","protected":false},"excerpt":{"rendered":"<p>El m\u00e1ximo tribunal se expres\u00f3 en solidaridad \u201ccon quienes han vivenciado situaciones\u201d de violencia tras conocerse el hostigamiento del que, en ejercicio de sus funciones, fue v\u00edctima el juez Juan Pablo Lubary, en Resistencia. Ante las situaciones acaecidas este viernes por la ma\u00f1ana en el Fuero de Ni\u00f1ez, Adolescencia y Familia Penal, ubicado en la [&hellip;]<\/p>\n","protected":false},"author":1,"featured_media":26177,"comment_status":"closed","ping_status":"closed","sticky":false,"template":"","format":"standard","meta":{"footnotes":""},"categories":[6],"tags":[],"class_list":{"0":"post-26176","1":"post","2":"type-post","3":"status-publish","4":"format-standard","5":"has-post-thumbnail","7":"category-chaco"},"_links":{"self":[{"href":"https:\/\/chacosintesis.com.ar\/index.php\/wp-json\/wp\/v2\/posts\/26176","targetHints":{"allow":["GET"]}}],"collection":[{"href":"https:\/\/chacosintesis.com.ar\/index.php\/wp-json\/wp\/v2\/posts"}],"about":[{"href":"https:\/\/chacosintesis.com.ar\/index.php\/wp-json\/wp\/v2\/types\/post"}],"author":[{"embeddable":true,"href":"https:\/\/chacosintesis.com.ar\/index.php\/wp-json\/wp\/v2\/users\/1"}],"replies":[{"embeddable":true,"href":"https:\/\/chacosintesis.com.ar\/index.php\/wp-json\/wp\/v2\/comments?post=26176"}],"version-history":[{"count":0,"href":"https:\/\/chacosintesis.com.ar\/index.php\/wp-json\/wp\/v2\/posts\/26176\/revisions"}],"wp:featuredmedia":[{"embeddable":true,"href":"https:\/\/chacosintesis.com.ar\/index.php\/wp-json\/wp\/v2\/media\/26177"}],"wp:attachment":[{"href":"https:\/\/chacosintesis.com.ar\/index.php\/wp-json\/wp\/v2\/media?parent=26176"}],"wp:term":[{"taxonomy":"category","embeddable":true,"href":"https:\/\/chacosintesis.com.ar\/index.php\/wp-json\/wp\/v2\/categories?post=26176"},{"taxonomy":"post_tag","embeddable":true,"href":"https:\/\/chacosintesis.com.ar\/index.php\/wp-json\/wp\/v2\/tags?post=26176"}],"curies":[{"name":"wp","href":"https:\/\/api.w.org\/{rel}","templated":true}]}}