{"id":26168,"date":"2023-09-01T18:47:05","date_gmt":"2023-09-01T21:47:05","guid":{"rendered":"https:\/\/chacosintesis.com.ar\/?p=26168"},"modified":"2023-09-01T19:07:09","modified_gmt":"2023-09-01T22:07:09","slug":"variedad-de-talleres-gratuitos-en-la-feria-iberoamericana-del-libro-2023","status":"publish","type":"post","link":"https:\/\/chacosintesis.com.ar\/index.php\/variedad-de-talleres-gratuitos-en-la-feria-iberoamericana-del-libro-2023\/","title":{"rendered":"Variedad de talleres gratuitos en la Feria Iberoamericana del Libro 2023"},"content":{"rendered":"<div class=\"postie-post\">Bajo el lema \u201cLeer en democracia\u201d se realiza la gran edici\u00f3n, hasta el 10 de septiembre en el Domo del Centenario, con la oferta de ejemplares al 50% de su valor. Desde la organizaci\u00f3n destacan que el Chaco \u201ces la \u00fanica provincia del pa\u00eds que ofrece libros a mitad de precio durante su feria\u201d<br \/>\nLa Feria Iberoamericana del Libro Chaco 2023 es uno de los eventos literarios m\u00e1s importantes del Norte Grande. Es un acontecimiento cultural, social y comunitario que por su naturaleza contempla la diversidad de voces, relatos y expresiones que caracterizan a la provincia y la regi\u00f3n. En ese sentido, en estos diez d\u00edas se podr\u00e1 disfrutar la presencia de escritores locales, nacionales y de pa\u00edses lim\u00edtrofes.<br \/>\nLa feria es organizada por la Fundaci\u00f3n del Libro y la Cultura y el Gobierno de la Provincia del Chaco, a trav\u00e9s del Instituto de Cultura y de los Ministerios de Educaci\u00f3n y de Planificaci\u00f3n, Econom\u00eda e Infraestructura. El predio del Domo del Centenario estar\u00e1 abierto en horario extendido, de domingo a jueves de 9 a 22, y los d\u00edas viernes y s\u00e1bado de 9 a 23.<br \/>\nTalleres<br \/>\n&#8220;El mundo cabe en una canci\u00f3n&#8221; es un taller de lectura, oralidad y escritura literaria a cargo de Germ\u00e1n Parmetler, y est\u00e1 programado para los d\u00edas 7 y 8 de septiembre, de 17 a 19 en el Espacio Turquesa. La propuesta es explorar los elementos ret\u00f3rico-literarios desde la lectura y escucha de canciones que cada asistente deber\u00e1 elegir y llevar la letra transcripta o impresa.<br \/>\n\u201cDesde la idea hasta la postproducci\u00f3n\u201d es un taller de realizaci\u00f3n audiovisual especialmente pensado para profesionales, entusiastas y espectadores. El encuentro se realizar\u00e1 este s\u00e1bado 2 de septiembre de 16 a 19, en el Auditorio de Casa de las Culturas. Los disertantes, Cristian Valussi -director y docente- y Osky Escanilla -director de arte- abordar\u00e1n temas relacionados con la preproducci\u00f3n, el rodaje y la posproducci\u00f3n.<br \/>\nPara m\u00e1s informaci\u00f3n e inscripci\u00f3n pueden escribir a <a href=\"mailto:info@fundaciondellibroylacultura.com.ar\">info@fundaciondellibroylacultura.com.ar<\/a> Los cupos son limitados.<br \/>\nLecturas de autores regionales<br \/>\nS\u00e1bado 2 : actividad de lecturas de la obra de Juan L. Ortiz, con la coordinaci\u00f3n del escritor Mario Dold\u00e1n, a las 19, Escenario Turquesa, Espacio Unne.<br \/>\nDomingo 3: lecturas de Alfredo Veirav\u00e9, a las 19, en el Escenario Turquesa, Espacio Unne.<br \/>\nDomingo 10: sobre el cierre de la Feria Iberoamericana del Libro, el Centro Cultural Universitario de Corrientes abrir\u00e1 su espacio con lecturas del poeta correntino Francisco Madariaga, a cargo de la profesora Mar\u00eda Andrea Maia Eir\u00edn.<br \/>\nAdem\u00e1s, el espacio de la Universidad Nacional del Nordeste ampl\u00eda su propuesta con jornadas de lecturas de autores regionales: el domingo 3, a las 18; mi\u00e9rcoles 6 a las 21; jueves 7 a las 19 y el s\u00e1bado 9 a las 22 con micr\u00f3fono abierto. Todas las actividades se realizar\u00e1n en el escenario Turquesa del Domo del Centenario.<\/div>\n","protected":false},"excerpt":{"rendered":"<p>Bajo el lema \u201cLeer en democracia\u201d se realiza la gran edici\u00f3n, hasta el 10 de septiembre en el Domo del Centenario, con la oferta de ejemplares al 50% de su valor. Desde la organizaci\u00f3n destacan que el Chaco \u201ces la \u00fanica provincia del pa\u00eds que ofrece libros a mitad de precio durante su feria\u201d La [&hellip;]<\/p>\n","protected":false},"author":1,"featured_media":26169,"comment_status":"closed","ping_status":"closed","sticky":false,"template":"","format":"standard","meta":{"footnotes":""},"categories":[6],"tags":[],"class_list":{"0":"post-26168","1":"post","2":"type-post","3":"status-publish","4":"format-standard","5":"has-post-thumbnail","7":"category-chaco"},"_links":{"self":[{"href":"https:\/\/chacosintesis.com.ar\/index.php\/wp-json\/wp\/v2\/posts\/26168","targetHints":{"allow":["GET"]}}],"collection":[{"href":"https:\/\/chacosintesis.com.ar\/index.php\/wp-json\/wp\/v2\/posts"}],"about":[{"href":"https:\/\/chacosintesis.com.ar\/index.php\/wp-json\/wp\/v2\/types\/post"}],"author":[{"embeddable":true,"href":"https:\/\/chacosintesis.com.ar\/index.php\/wp-json\/wp\/v2\/users\/1"}],"replies":[{"embeddable":true,"href":"https:\/\/chacosintesis.com.ar\/index.php\/wp-json\/wp\/v2\/comments?post=26168"}],"version-history":[{"count":0,"href":"https:\/\/chacosintesis.com.ar\/index.php\/wp-json\/wp\/v2\/posts\/26168\/revisions"}],"wp:featuredmedia":[{"embeddable":true,"href":"https:\/\/chacosintesis.com.ar\/index.php\/wp-json\/wp\/v2\/media\/26169"}],"wp:attachment":[{"href":"https:\/\/chacosintesis.com.ar\/index.php\/wp-json\/wp\/v2\/media?parent=26168"}],"wp:term":[{"taxonomy":"category","embeddable":true,"href":"https:\/\/chacosintesis.com.ar\/index.php\/wp-json\/wp\/v2\/categories?post=26168"},{"taxonomy":"post_tag","embeddable":true,"href":"https:\/\/chacosintesis.com.ar\/index.php\/wp-json\/wp\/v2\/tags?post=26168"}],"curies":[{"name":"wp","href":"https:\/\/api.w.org\/{rel}","templated":true}]}}