{"id":26166,"date":"2023-09-01T18:45:24","date_gmt":"2023-09-01T21:45:24","guid":{"rendered":"https:\/\/chacosintesis.com.ar\/?p=26166"},"modified":"2023-09-01T19:07:04","modified_gmt":"2023-09-01T22:07:04","slug":"quitilipi-recibira-a-mas-de-130-artesanos-en-una-nueva-edicion-de-la-fiesta-nacional-de-arte-indigena","status":"publish","type":"post","link":"https:\/\/chacosintesis.com.ar\/index.php\/quitilipi-recibira-a-mas-de-130-artesanos-en-una-nueva-edicion-de-la-fiesta-nacional-de-arte-indigena\/","title":{"rendered":"Quitilipi recibir\u00e1 a m\u00e1s de 130 artesanos en una nueva edici\u00f3n de la Fiesta Nacional de Arte Ind\u00edgena"},"content":{"rendered":"<div class=\"postie-post\">En paralelo, se realiza la Feria de Artesan\u00eda Ind\u00edgena Chaque\u00f1a. La sede del encuentro es el Museo Artesanal \u201cRen\u00e9 James Sotelo\u201d. La organizaci\u00f3n se realiza con apoyo del Instituto de Cultura del Chaco, el Ministerio de Cultura de la Naci\u00f3n y la Municipalidad de Quitilipi.<br \/>\nEste viernes 1 de septiembre se lanz\u00f3, en la Casa de las Culturas del Instituto de Cultura del Chaco, la 46\u00aa Feria de Artesan\u00eda Ind\u00edgena Chaque\u00f1a y 12\u00aa Fiesta Nacional del Arte Ind\u00edgena que se desarrollar\u00e1 el s\u00e1bado 9 y domingo 10 de septiembre en el Predio Santa Pino Fern\u00e1ndez de Quitilipi. El Museo Artesanal \u201cRen\u00e9 James Sotelo\u201d organiza este emblem\u00e1tico encuentro con apoyo del Instituto de Cultura del Chaco, Ministerio de Cultura de la Naci\u00f3n y Municipalidad de Quitilipi.<br \/>\nCon una extensa historia, el evento posiciona a artesanos y artesanas chaque\u00f1os en la escena nacional. A esta edici\u00f3n est\u00e1n invitados 130 artesanos y artesanas originarias de las localidades de Colonia Aborigen (Quitilipi), S\u00e1enz Pe\u00f1a, Sauzalito, Miraflores, Pampa del Indio, San Bernardo, General Pinedo, Misi\u00f3n Nueva Pompeya, Villa \u00c1ngela, Charata, Villa Berthet, Juan Jos\u00e9 Castelli, Miraflores, El Espinillo, Resistencia, La Tigra, Tres Isletas, Fort\u00edn Lavalle, Villa R\u00edo Bermejito, Comandancia Fr\u00edas, La Matanza (Quitilipi), Fontana e invitados especiales de Jujuy, Formosa y Misiones.<br \/>\nEl Presidente del ICCH, Francisco Tete Romero, expres\u00f3: \u201cEstamos muy felices de anunciar que los pr\u00f3ximos 9 y 10 de septiembre se realizar\u00e1 la tradicional y hermosa feria de artesan\u00eda y feria nacional de artesan\u00edas de Quitilipi, una feria que arranca en la d\u00e9cada de 70 y hoy se realiza con organizaci\u00f3n del Museo Ren\u00e9 James Sotelo y acompa\u00f1amiento institucional del Municipio de Quitilipi y de nuestro Instituto de Cultura.<br \/>\n\u201cSe trata de una experiencia, un acontecimiento que re\u00fane a 150 artesanas y artesanos de los pueblos originarios de la comunidad de qom, wich\u00ed y moqoit, que no solamente trabajan y muestran sus artesan\u00edas, sino que adem\u00e1s ir\u00e1n a un circuito de instancias internacionales y nacionales, la primera de ellas la del 3 y 4 de febrero del 2024 en Col\u00f3n Entre R\u00edos.\u201d<br \/>\n\u201cPero lo que yo quer\u00eda ponderar sobre todo es la transmisi\u00f3n de saberes, el encuentro intergeneracional: una abuela transmiti\u00e9ndole a una nieta, una madre, a una hija; pero no solamente c\u00f3mo se hace su artesan\u00eda, sino de d\u00f3nde vienen, el alma que hay all\u00ed dentro, los saberes ancestrales y las ra\u00edces culturales.\u201d<br \/>\nEl Intendente de Quitilipi, Ariel Lovey, remarc\u00f3 el acompa\u00f1amiento del Instituto de Cultura y del Gobierno Provincial \u201cpara realizar esta fiesta tan importante para nuestra regi\u00f3n en la que se convocan los pueblos originarios, no solamente a expresarnos lo que ellos saben hacer, sino todo el valor que para ellos conlleva poder mostrar lo que hacen.\u201d<br \/>\n\u201cYendo un poco m\u00e1s profundo, hay que destacar que con esta artesan\u00eda muchos de ellos mantienen su familia, hacen estudiar a sus hijos, van a la universidad, a la escuela y poder acompa\u00f1ar esto ennoblece la funci\u00f3n p\u00fablica.\u201d<br \/>\n\u201cLa verdad es que esto ha tomado una gran trascendencia en todo el pa\u00eds y en otros pa\u00edses. As\u00ed que las y los esperamos el 9 y el 10 para dar una vueltita por Quitilipi, y apreciar la labor creativa de nuestros artesanos y artesanas, que muestran gran diversidad y una excelente calidad.\u201d<br \/>\nEl Secretario de Cultura de Quitilipi, Rub\u00e9n Fortini, destac\u00f3: \u201cNosotros acompa\u00f1amos la realizaci\u00f3n de este evento que naciera en 1968 y que \u2013con una pausa en el tiempo- constituye hoy la edici\u00f3n 46 de la Fiesta del Arte Aborigen chaque\u00f1o y la edici\u00f3n n\u00famero 12 de la Fiesta Nacional del Arte Ind\u00edgena. Evento que adquiri\u00f3 proporciones que trascendieron la frontera del Chaco. Declarado Fiesta Nacional y durante la pandemia forj\u00f3 v\u00ednculos con artesanos de otras localidades y pa\u00edses como de Ecuador y M\u00e9xico, una experiencia sumamente enriquecedora. Y tambi\u00e9n fue la oportunidad para que muchos artesanos del Chaco profundo, que no pudieron venir pero fueron premiados y el Instituto de Cultura se hizo presente en aquellos lugares del Chaco, para premiar la obra creativa de estos artesanos moqoit, wich\u00ed y qom\u201d.<br \/>\n\u201cSon piezas elaboradas con los muchos materiales que la naturaleza provee, y de much\u00edsimo valor, no solo art\u00edstico sino tambi\u00e9n un valor que recupera y mantiene viva las tradiciones ancestrales que definen la identidad cultural de las comunidades\u201d.<br \/>\nBreve historia del mayor evento de artesan\u00edas de la regi\u00f3n<br \/>\nLa Asociaci\u00f3n Amigos del Aborigen (A.A.D.A.), fundada el 30 de noviembre de 1968 en adhesi\u00f3n al 44\u00ba aniversario de la localidad de Quitilipi, organiz\u00f3 la 1era. Feria de Artesan\u00edas Abor\u00edgenes. Ren\u00e9 James Sotelo, reconocido luchador por los derechos de los pueblos ind\u00edgenas, encabez\u00f3 la comisi\u00f3n y fue el principal propulsor de la Feria, convencido que el desarrollo, s\u00f3lo pod\u00eda darse si era protagonizado por las mismas comunidades.<br \/>\nLa Feria se edita anualmente hasta su fallecimiento en 1980 y con ello se postergaba su principal objetivo, el de revitalizar saberes, t\u00e9cnicas ancestrales y poner en valor las artesan\u00edas ind\u00edgenas que materializan cosmovisiones patrimoniales de nuestros pueblos. Tras una pausa hasta 1989, comienza a reeditarse la Feria y Quitilipi ya no es solo la sede sino lugar de encuentros e historias de todo el pueblo chaque\u00f1o, siguiendo la visi\u00f3n de Ren\u00e9 James Sotelo, que afirmaba que el artesano ind\u00edgena es el protagonista principal de su desarrollo sociocultural.<br \/>\nLos frutos de la Feria son reconocidos en Ferias de todo el pa\u00eds y de pa\u00edses vecinos. Cada edici\u00f3n es la m\u00e1s grande expresi\u00f3n art\u00edstica comunitaria y colectiva de nuestros pueblos ind\u00edgenas que se niegan a ser olvidados o excluidos de esta sociedad de la que son parte y exigen los espacios de participaci\u00f3n y decisi\u00f3n que les corresponde.<br \/>\nCon este objetivo y tambi\u00e9n con los de contribuir al fortalecimiento de la cadena de valor de las artesan\u00edas ind\u00edgenas chaque\u00f1as, y al reconocimiento social, art\u00edstico y patrimonial de las y los maestros\/as por su valioso aporte en el quehacer cultural de la provincia, se desarrollan propuestas en el tradicional Foro de la Feria, donde los y las participantes, intercambian y contrastan opiniones sobre log\u00edstica del evento, ponderaci\u00f3n de premios y reconocimientos e innovaciones en materias primas, entre otras.<\/div>\n","protected":false},"excerpt":{"rendered":"<p>En paralelo, se realiza la Feria de Artesan\u00eda Ind\u00edgena Chaque\u00f1a. La sede del encuentro es el Museo Artesanal \u201cRen\u00e9 James Sotelo\u201d. La organizaci\u00f3n se realiza con apoyo del Instituto de Cultura del Chaco, el Ministerio de Cultura de la Naci\u00f3n y la Municipalidad de Quitilipi. Este viernes 1 de septiembre se lanz\u00f3, en la Casa [&hellip;]<\/p>\n","protected":false},"author":1,"featured_media":26167,"comment_status":"closed","ping_status":"closed","sticky":false,"template":"","format":"standard","meta":{"footnotes":""},"categories":[6],"tags":[],"class_list":{"0":"post-26166","1":"post","2":"type-post","3":"status-publish","4":"format-standard","5":"has-post-thumbnail","7":"category-chaco"},"_links":{"self":[{"href":"https:\/\/chacosintesis.com.ar\/index.php\/wp-json\/wp\/v2\/posts\/26166","targetHints":{"allow":["GET"]}}],"collection":[{"href":"https:\/\/chacosintesis.com.ar\/index.php\/wp-json\/wp\/v2\/posts"}],"about":[{"href":"https:\/\/chacosintesis.com.ar\/index.php\/wp-json\/wp\/v2\/types\/post"}],"author":[{"embeddable":true,"href":"https:\/\/chacosintesis.com.ar\/index.php\/wp-json\/wp\/v2\/users\/1"}],"replies":[{"embeddable":true,"href":"https:\/\/chacosintesis.com.ar\/index.php\/wp-json\/wp\/v2\/comments?post=26166"}],"version-history":[{"count":0,"href":"https:\/\/chacosintesis.com.ar\/index.php\/wp-json\/wp\/v2\/posts\/26166\/revisions"}],"wp:featuredmedia":[{"embeddable":true,"href":"https:\/\/chacosintesis.com.ar\/index.php\/wp-json\/wp\/v2\/media\/26167"}],"wp:attachment":[{"href":"https:\/\/chacosintesis.com.ar\/index.php\/wp-json\/wp\/v2\/media?parent=26166"}],"wp:term":[{"taxonomy":"category","embeddable":true,"href":"https:\/\/chacosintesis.com.ar\/index.php\/wp-json\/wp\/v2\/categories?post=26166"},{"taxonomy":"post_tag","embeddable":true,"href":"https:\/\/chacosintesis.com.ar\/index.php\/wp-json\/wp\/v2\/tags?post=26166"}],"curies":[{"name":"wp","href":"https:\/\/api.w.org\/{rel}","templated":true}]}}