{"id":26162,"date":"2023-09-01T18:40:16","date_gmt":"2023-09-01T21:40:16","guid":{"rendered":"https:\/\/chacosintesis.com.ar\/?p=26162"},"modified":"2023-09-01T19:06:55","modified_gmt":"2023-09-01T22:06:55","slug":"en-el-dia-de-la-industria-capitanich-acompanara-la-inauguracion-de-la-fabrica-de-pelotas-kagiva","status":"publish","type":"post","link":"https:\/\/chacosintesis.com.ar\/index.php\/en-el-dia-de-la-industria-capitanich-acompanara-la-inauguracion-de-la-fabrica-de-pelotas-kagiva\/","title":{"rendered":"En el D\u00eda de la industria, Capitanich acompa\u00f1ar\u00e1 la inauguraci\u00f3n de la f\u00e1brica de pelotas Kagiva"},"content":{"rendered":"<div class=\"postie-post\">El mandatario adem\u00e1s inaugurar\u00e1 un lavadero textil industrial en Puerto Tirol, y nuevas cuadras de pavimento en Villa Juan de Garay.<br \/>\nEl portavoz oficial del Gobierno del Chaco, Juan Manuel Chapo, inici\u00f3 la jornada del viernes con su habitual conferencia de prensa, en la que inform\u00f3 los puntos m\u00e1s importantes de la agenda del gobernador Jorge Capitanich. Entre las actividades de agenda, se destaca la inauguraci\u00f3n, este s\u00e1bado, de la f\u00e1brica de pelotas Kagiva, en el parque industrial de Puerto Vilelas, como parte de las actividades por el D\u00eda de la Industria. Con una inversi\u00f3n de $204.116.481,60 el Ministerio de Planificaci\u00f3n, Econom\u00eda e Infraestructura llev\u00f3 adelante la ejecuci\u00f3n de esta nueva nave en el Parque Industrial. La misma cuenta con m\u00e1s de 2.000 metros cuadrados cubiertos y est\u00e1 destinada a la firma brasile\u00f1a Kagiva, dedicada a la producci\u00f3n industrial de pelotas de distintas disciplinas. El arribo de la empresa brasile\u00f1a al Chaco se da en el marco de un trabajo conjunto del Gobierno provincial con autoridades de la firma. En ese marco, a fines de 2022, el gobernador Jorge Capitanich recibi\u00f3 al titular de la firma Darnes Kagiva y al resto de miembros del directorio, con quienes acordaron los \u00faltimos pasos para concretar su llegada. Incluso, la marca produce las pelotas oficiales de todos los torneos regidos por el Consejo Federal de la Asociaci\u00f3n del F\u00fatbol Argentino (AFA). Tambi\u00e9n el s\u00e1bado, pero en Puerto Tirol, el gobernador acompa\u00f1ar\u00e1 la inauguraci\u00f3n de un lavadero industrial \u201cque es una obra muy importante, una inversi\u00f3n privada de gran magnitud, que se ha desarrollado en el Parque Industrial\u201d, inform\u00f3 Chapo. Y como parte de las actividades del D\u00eda de la Industria, Capitanich participar\u00e1 de un almuerzo con trabajadores y empresarios industriales durante el mediod\u00eda.<br \/>\nAgenda del viernes primero de Septiembre<br \/>\nChapo inform\u00f3 que durante este viernes primero de septiembre \u201cel gobernador tendr\u00e1 una jornada en el Centro de Convenciones que tiene que ver con el Seminario Federal Itinerante del Instituto de Formaci\u00f3n Docente\u201d. El encuentro se centrar\u00e1 en la presentaci\u00f3n de investigaciones y experiencias vinculadas al dise\u00f1o y desarrollo de dispositivos, estrategias y herramientas de acompa\u00f1amiento pedag\u00f3gico de los docentes en formaci\u00f3n en las instituciones educativas. Por otra parte, el mandatario provincial \u201cmantendr\u00e1 una reuni\u00f3n con ACLISA, que es la Asociaci\u00f3n de Cl\u00ednicas y Sanatorios de la provincia del Chaco. All\u00ed se reunir\u00e1 con propietarios de sanatorios privados de nuestra provincia con una agenda determinada\u201d. Tambi\u00e9n, por la ma\u00f1ana, mantendr\u00e1 reuniones con diversos sectores en Casa de Gobierno, y por la tarde se reunir\u00e1 con trabajadores de la UTA, Uni\u00f3n Tranviaria Automotor.<br \/>\nM\u00e1s inauguraciones<br \/>\nEl s\u00e1bado por la tarde el gobernador inaugurar\u00e1 nuevas cuadras de pavimento en el barrio Villa Juan de Garay. \u201cEsta es una obra muy importante. En este caso se trata de un primer tramo de un total de dos. Este primer tramo consta de unas siete cuadras de pavimento urbano, que impactan en forma muy positiva en ese sector de la ciudad de Resistencia\u201d, afirm\u00f3 el vocero. El domingo, el mandatario estar\u00e1 en el barrio San Pedro Pescador inaugurando soluciones habitacionales. \u201cUstedes saben que all\u00ed se est\u00e1 desarrollando una obra de gran magnitud, que es la defensa del barrio. Esto requiri\u00f3 que haya que relocalizar a una serie de familias. En funci\u00f3n de esta relocalizaci\u00f3n, lo que se hizo fue la construcci\u00f3n de viviendas que ma\u00f1ana el gobernador va a estar inaugurando\u201d.. Tambi\u00e9n el domingo, ya por la tarde, Capitanich inaugurar\u00e1 m\u00e1s pavimento urbano para los barrios El Tala y V\u00e9lez Sarsfield \u201cen el marco del proceso de inversi\u00f3n que se est\u00e1 desarrollando en materia de conectividad vial en la ciudad de Resistencia, que abarca ya 818 cuadras de pavimento en nuestra ciudad, con una inversi\u00f3n que tiene un impacto extraordinario en la calidad de vida de los vecinos y vecinas\u201d, subray\u00f3 Chapo.<\/div>\n","protected":false},"excerpt":{"rendered":"<p>El mandatario adem\u00e1s inaugurar\u00e1 un lavadero textil industrial en Puerto Tirol, y nuevas cuadras de pavimento en Villa Juan de Garay. El portavoz oficial del Gobierno del Chaco, Juan Manuel Chapo, inici\u00f3 la jornada del viernes con su habitual conferencia de prensa, en la que inform\u00f3 los puntos m\u00e1s importantes de la agenda del gobernador [&hellip;]<\/p>\n","protected":false},"author":1,"featured_media":26163,"comment_status":"closed","ping_status":"closed","sticky":false,"template":"","format":"standard","meta":{"footnotes":""},"categories":[6],"tags":[],"class_list":{"0":"post-26162","1":"post","2":"type-post","3":"status-publish","4":"format-standard","5":"has-post-thumbnail","7":"category-chaco"},"_links":{"self":[{"href":"https:\/\/chacosintesis.com.ar\/index.php\/wp-json\/wp\/v2\/posts\/26162","targetHints":{"allow":["GET"]}}],"collection":[{"href":"https:\/\/chacosintesis.com.ar\/index.php\/wp-json\/wp\/v2\/posts"}],"about":[{"href":"https:\/\/chacosintesis.com.ar\/index.php\/wp-json\/wp\/v2\/types\/post"}],"author":[{"embeddable":true,"href":"https:\/\/chacosintesis.com.ar\/index.php\/wp-json\/wp\/v2\/users\/1"}],"replies":[{"embeddable":true,"href":"https:\/\/chacosintesis.com.ar\/index.php\/wp-json\/wp\/v2\/comments?post=26162"}],"version-history":[{"count":0,"href":"https:\/\/chacosintesis.com.ar\/index.php\/wp-json\/wp\/v2\/posts\/26162\/revisions"}],"wp:featuredmedia":[{"embeddable":true,"href":"https:\/\/chacosintesis.com.ar\/index.php\/wp-json\/wp\/v2\/media\/26163"}],"wp:attachment":[{"href":"https:\/\/chacosintesis.com.ar\/index.php\/wp-json\/wp\/v2\/media?parent=26162"}],"wp:term":[{"taxonomy":"category","embeddable":true,"href":"https:\/\/chacosintesis.com.ar\/index.php\/wp-json\/wp\/v2\/categories?post=26162"},{"taxonomy":"post_tag","embeddable":true,"href":"https:\/\/chacosintesis.com.ar\/index.php\/wp-json\/wp\/v2\/tags?post=26162"}],"curies":[{"name":"wp","href":"https:\/\/api.w.org\/{rel}","templated":true}]}}