{"id":26160,"date":"2023-09-01T18:07:30","date_gmt":"2023-09-01T21:07:30","guid":{"rendered":"https:\/\/chacosintesis.com.ar\/?p=26160"},"modified":"2023-09-01T18:36:54","modified_gmt":"2023-09-01T21:36:54","slug":"comenzo-la-inscripcion-para-el-pase-a-planta-de-trabajadores-y-trabajadoras-del-poder-ejecutivo","status":"publish","type":"post","link":"https:\/\/chacosintesis.com.ar\/index.php\/comenzo-la-inscripcion-para-el-pase-a-planta-de-trabajadores-y-trabajadoras-del-poder-ejecutivo\/","title":{"rendered":"Comenz\u00f3 la inscripci\u00f3n para el pase a planta de trabajadores y trabajadoras del Poder Ejecutivo"},"content":{"rendered":"<div class=\"postie-post\">Perla Portal, secretaria de la Uni\u00f3n del Personal Civil de la Naci\u00f3n (UPCN) Chaco, habl\u00f3 sobre el proceso de regularizaci\u00f3n laboral que abarcar\u00e1 a quienes dependen del Poder Ejecutivo, Entes Aut\u00e1rquicos y Descentralizados. La etapa de inscripci\u00f3n se llevar\u00e1 adelante del 1 al 13 de septiembre.<br \/>\nPerla Portal, secretaria de la Uni\u00f3n del Personal Civil de la Naci\u00f3n (UPCN) Chaco, dialog\u00f3 con Chaco TV sobre el proceso de regularizaci\u00f3n laboral que abarcar\u00e1 a quienes dependen del Poder Ejecutivo, Entes Aut\u00e1rquicos y Descentralizados. \u201cLa primera etapa comenz\u00f3 hoy con la inscripci\u00f3n de aquellos agentes en terminaci\u00f3n 0 que son contratados, becados y jornalizados de distintas jurisdicciones donde la idea es que termine el 13 de septiembre y se haga un an\u00e1lisis de inscripciones\u201d, coment\u00f3.<br \/>\nEn este sentido, cabe destacar que el Ejecutivo provincial hab\u00eda anunciado que este proceso de regularizaci\u00f3n laboral para las y los trabajadores de la administraci\u00f3n p\u00fablica el mes pasado. \u201cEs un esquema bastante complejo, son dos procesos de regularizaci\u00f3n en la provincia, lo estamos trabajando a trav\u00e9s de la SIAP, las tres organizaciones sindicales que contemplamos la mayor\u00eda de los estatales de la provincia m\u00e1s el Ejecutivo\u201d, detall\u00f3 Portal, y agreg\u00f3: \u201cSe estiman una precariedad de 15 mil trabajadores en ese \u00e1mbito\u201d.<br \/>\nAsimismo, record\u00f3 que tambi\u00e9n se tratar\u00e1 en un 50% este a\u00f1o, los contratos de servicio, los cuales cuentan con otro esquema, con beneficios y aportes distintos. \u201cEllos se van a trabajar a partir de 25 de septiembre\u201d, explic\u00f3. Cabe destacar que tendr\u00e1n la posibilidad de actualizar sus datos a trav\u00e9s de la plataforma Tu Gobierno Digital. Asimismo, aclar\u00f3 que el 50% se realizar\u00e1 el a\u00f1o que viene y se estima el pase a planta de 1.000 trabajadores de los 2.000 que existen por contratos de servicio.<br \/>\nPor \u00faltimo, manifest\u00f3: \u201cLo que pedimos las organizaciones sindicales es que se contemplen en un per\u00edodo de seis meses, que no rindan concurso y que pasen todas a planta\u201d. Tambi\u00e9n explic\u00f3 que, en esta primera etapa se tendr\u00e1 en cuenta lo que dice la ley 2655 que tiene en cuenta la antig\u00fcedad y la capacitaci\u00f3n de los agentes. \u201cDesde que firmamos el Convenio Colectivo de Trabajo, todas las decisiones que tienen que ver con la masa de los trabajadores del Estado lo decidimos en conjunto tanto con el Ejecutivo como con los gremios\u201d, concluy\u00f3.<\/div>\n","protected":false},"excerpt":{"rendered":"<p>Perla Portal, secretaria de la Uni\u00f3n del Personal Civil de la Naci\u00f3n (UPCN) Chaco, habl\u00f3 sobre el proceso de regularizaci\u00f3n laboral que abarcar\u00e1 a quienes dependen del Poder Ejecutivo, Entes Aut\u00e1rquicos y Descentralizados. La etapa de inscripci\u00f3n se llevar\u00e1 adelante del 1 al 13 de septiembre. Perla Portal, secretaria de la Uni\u00f3n del Personal Civil [&hellip;]<\/p>\n","protected":false},"author":1,"featured_media":26161,"comment_status":"closed","ping_status":"closed","sticky":false,"template":"","format":"standard","meta":{"footnotes":""},"categories":[6],"tags":[],"class_list":{"0":"post-26160","1":"post","2":"type-post","3":"status-publish","4":"format-standard","5":"has-post-thumbnail","7":"category-chaco"},"_links":{"self":[{"href":"https:\/\/chacosintesis.com.ar\/index.php\/wp-json\/wp\/v2\/posts\/26160","targetHints":{"allow":["GET"]}}],"collection":[{"href":"https:\/\/chacosintesis.com.ar\/index.php\/wp-json\/wp\/v2\/posts"}],"about":[{"href":"https:\/\/chacosintesis.com.ar\/index.php\/wp-json\/wp\/v2\/types\/post"}],"author":[{"embeddable":true,"href":"https:\/\/chacosintesis.com.ar\/index.php\/wp-json\/wp\/v2\/users\/1"}],"replies":[{"embeddable":true,"href":"https:\/\/chacosintesis.com.ar\/index.php\/wp-json\/wp\/v2\/comments?post=26160"}],"version-history":[{"count":0,"href":"https:\/\/chacosintesis.com.ar\/index.php\/wp-json\/wp\/v2\/posts\/26160\/revisions"}],"wp:featuredmedia":[{"embeddable":true,"href":"https:\/\/chacosintesis.com.ar\/index.php\/wp-json\/wp\/v2\/media\/26161"}],"wp:attachment":[{"href":"https:\/\/chacosintesis.com.ar\/index.php\/wp-json\/wp\/v2\/media?parent=26160"}],"wp:term":[{"taxonomy":"category","embeddable":true,"href":"https:\/\/chacosintesis.com.ar\/index.php\/wp-json\/wp\/v2\/categories?post=26160"},{"taxonomy":"post_tag","embeddable":true,"href":"https:\/\/chacosintesis.com.ar\/index.php\/wp-json\/wp\/v2\/tags?post=26160"}],"curies":[{"name":"wp","href":"https:\/\/api.w.org\/{rel}","templated":true}]}}