{"id":26158,"date":"2023-09-01T18:05:09","date_gmt":"2023-09-01T21:05:09","guid":{"rendered":"https:\/\/chacosintesis.com.ar\/?p=26158"},"modified":"2023-09-01T18:07:38","modified_gmt":"2023-09-01T21:07:38","slug":"eudene-en-la-feria-internacional-del-libro-chaco-2023","status":"publish","type":"post","link":"https:\/\/chacosintesis.com.ar\/index.php\/eudene-en-la-feria-internacional-del-libro-chaco-2023\/","title":{"rendered":"Eudene, en la Feria Internacional del Libro Chaco 2023"},"content":{"rendered":"<div class=\"postie-post\">Adem\u00e1s, la oferta estar\u00e1 disponible en la Feria del Libro de Ca\u00e1 Cat\u00ed, que comenz\u00f3 este viernes 1 y se extender\u00e1 hasta el domingo 3 de septiembre. Conoc\u00e9 el cronograma completo, las y los autores que acompa\u00f1ar\u00e1n.<br \/>\nLa Feria del Libro de Ca\u00e1 Cat\u00ed comenz\u00f3 este viernes 1 y se extender\u00e1 hasta el domingo 3 de septiembre, y se desarrollar\u00e1 con epicentro en la Biblioteca Popular Juan Manuel Rivera, que coorganiza el evento con el grupo literario P\u00e1jaro de Tinta y el municipio local. El encuentro cultural cumple una d\u00e9cada y est\u00e1 enmarcado en la conmemoraci\u00f3n de los 40 a\u00f1os de democracia argentina.<br \/>\nEn el predio de la feria, Eudene compartir\u00e1 stand de libros con la editorial de la Universidad Nacional de Entre R\u00edos -Eduner-, entidad colega que integra la Red de Editoriales de Universidades Nacionales, colaboradora activa en el proceso de profesionalizaci\u00f3n junto a Ediciones UNL de la Universidad del Litoral, de Santa Fe.<br \/>\nEl s\u00e1bado 2 a las 15 horas, en el auditorio principal, se presentar\u00e1 el libro \u201cPasados perif\u00e9ricos, historia y memoria del Nordeste argentino\u201d editado por Eudene. Participar\u00e1n la profesora Mar\u00eda Nu\u00f1ez Camelino -una de las compiladoras de la obra junto a Mar\u00eda Silvia Leoni- y Mar\u00eda Gabriela Qui\u00f1onez, quien analizar\u00e1 la propuesta que integra trabajos de docentes e investigadores de la del Instituto de Historia de la Facultad de Humanidades de nuestra casa de estudios.<br \/>\nFIL Chaco 2023<br \/>\nEl otro encuentro del libro es la Feria Iberoamericana del Libro Chaco 2023 \u201cLeer en democracia\u201d que se inaugur\u00f3 el jueves 31 de agosto y se extender\u00e1 hasta el pr\u00f3ximo domingo 10 de septiembre en el predio ferial del Domo de Resistencia. Las actividades est\u00e1n organizadas por el Instituto de Cultura de Chaco y la Fundaci\u00f3n por el libro y la lectura.<br \/>\nEudene estar\u00e1 presente con sus t\u00edtulos y otros pertenecientes a editoriales miembros de REUN en el espacio FEGHRA del Domo del Centenario, cuyas actividades est\u00e1n coordinadas por el Centro Cultural Nordeste (CCN) que depende de la Secretar\u00eda General de Extensi\u00f3n Universitaria de la UNNE.<br \/>\nEl s\u00e1bado 2 a las 17, en el escenario Magenta del predio resistenciano, se presentar\u00e1 el libro \u201cEn el principio\u2026\u201d de Gustavo Roldan y Laura Roldan (coordinadora), una edici\u00f3n multiling\u00fce de cuentos para ni\u00f1os en castellano, qom y wichi editado por esta editorial y destinado principalmente a la ense\u00f1anza biling\u00fce.<br \/>\nParticipar\u00e1n de la presentaci\u00f3n la profesora Jimena Gusberti, especialista en textos para la ni\u00f1ez y adolescencia de la Facultad de Humanidades de la UNNE, la docente Laura Estrada y la editora de la obra, Natalia Passicot, por Eudene.<\/div>\n","protected":false},"excerpt":{"rendered":"<p>Adem\u00e1s, la oferta estar\u00e1 disponible en la Feria del Libro de Ca\u00e1 Cat\u00ed, que comenz\u00f3 este viernes 1 y se extender\u00e1 hasta el domingo 3 de septiembre. Conoc\u00e9 el cronograma completo, las y los autores que acompa\u00f1ar\u00e1n. La Feria del Libro de Ca\u00e1 Cat\u00ed comenz\u00f3 este viernes 1 y se extender\u00e1 hasta el domingo 3 [&hellip;]<\/p>\n","protected":false},"author":1,"featured_media":26159,"comment_status":"closed","ping_status":"closed","sticky":false,"template":"","format":"standard","meta":{"footnotes":""},"categories":[6],"tags":[],"class_list":{"0":"post-26158","1":"post","2":"type-post","3":"status-publish","4":"format-standard","5":"has-post-thumbnail","7":"category-chaco"},"_links":{"self":[{"href":"https:\/\/chacosintesis.com.ar\/index.php\/wp-json\/wp\/v2\/posts\/26158","targetHints":{"allow":["GET"]}}],"collection":[{"href":"https:\/\/chacosintesis.com.ar\/index.php\/wp-json\/wp\/v2\/posts"}],"about":[{"href":"https:\/\/chacosintesis.com.ar\/index.php\/wp-json\/wp\/v2\/types\/post"}],"author":[{"embeddable":true,"href":"https:\/\/chacosintesis.com.ar\/index.php\/wp-json\/wp\/v2\/users\/1"}],"replies":[{"embeddable":true,"href":"https:\/\/chacosintesis.com.ar\/index.php\/wp-json\/wp\/v2\/comments?post=26158"}],"version-history":[{"count":0,"href":"https:\/\/chacosintesis.com.ar\/index.php\/wp-json\/wp\/v2\/posts\/26158\/revisions"}],"wp:featuredmedia":[{"embeddable":true,"href":"https:\/\/chacosintesis.com.ar\/index.php\/wp-json\/wp\/v2\/media\/26159"}],"wp:attachment":[{"href":"https:\/\/chacosintesis.com.ar\/index.php\/wp-json\/wp\/v2\/media?parent=26158"}],"wp:term":[{"taxonomy":"category","embeddable":true,"href":"https:\/\/chacosintesis.com.ar\/index.php\/wp-json\/wp\/v2\/categories?post=26158"},{"taxonomy":"post_tag","embeddable":true,"href":"https:\/\/chacosintesis.com.ar\/index.php\/wp-json\/wp\/v2\/tags?post=26158"}],"curies":[{"name":"wp","href":"https:\/\/api.w.org\/{rel}","templated":true}]}}