{"id":26150,"date":"2023-09-01T17:53:26","date_gmt":"2023-09-01T20:53:26","guid":{"rendered":"https:\/\/chacosintesis.com.ar\/?p=26150"},"modified":"2023-09-01T18:07:20","modified_gmt":"2023-09-01T21:07:20","slug":"detienen-a-dos-personas-que-ingresaron-por-el-techo-a-un-supermercado-mayorista-en-saenz-pena","status":"publish","type":"post","link":"https:\/\/chacosintesis.com.ar\/index.php\/detienen-a-dos-personas-que-ingresaron-por-el-techo-a-un-supermercado-mayorista-en-saenz-pena\/","title":{"rendered":"Detienen a dos personas que ingresaron por el techo a un supermercado mayorista en S\u00e1enz Pe\u00f1a"},"content":{"rendered":"<div class=\"postie-post\">Los agentes de la Comisar\u00eda Quinta junto a los de la Divisi\u00f3n Investigaciones demoraron  el jueves a dos personas de 26 y 16 a\u00f1os, que habr\u00edan ingresado por los techos al supermercado mayorista.<br \/>\nLos efectivos policiales tomaron conocimiento del hecho alrededor de las 8, cuando el supermercado ubicado en la rotonda en la ruta 16 y 95 abri\u00f3 sus puertas y vieron que hab\u00edan quitado una chapa del lugar y que aparentemente faltaban electrodom\u00e9sticos.<br \/>\nInmediatamente, los agentes policiales recabaron las filmaciones y lograron identificar a los presuntos autores. Posteriormente se dirigieron hacia el barrio Antonio Zafra e iniciaron un operativo cerrojo en la zona, logrando dar con un hombre de 26 y un menor de 16 a\u00f1os.<br \/>\nLa Fiscal\u00eda en turno, dispuso que el sujeto mayor de edad sea notificado de su aprehensi\u00f3n, en causa &#8220;supuesto robo&#8221; y &#8220;supuesta resistencia y atentado contra la autoridad&#8221;. En tanto el menor fue entregado a sus progenitores conforme lo dispuesto por el Juzgado del Menor de Edad y la Familia.<\/div>\n","protected":false},"excerpt":{"rendered":"<p>Los agentes de la Comisar\u00eda Quinta junto a los de la Divisi\u00f3n Investigaciones demoraron el jueves a dos personas de 26 y 16 a\u00f1os, que habr\u00edan ingresado por los techos al supermercado mayorista. Los efectivos policiales tomaron conocimiento del hecho alrededor de las 8, cuando el supermercado ubicado en la rotonda en la ruta 16 [&hellip;]<\/p>\n","protected":false},"author":1,"featured_media":26151,"comment_status":"closed","ping_status":"closed","sticky":false,"template":"","format":"standard","meta":{"footnotes":""},"categories":[6],"tags":[],"class_list":{"0":"post-26150","1":"post","2":"type-post","3":"status-publish","4":"format-standard","5":"has-post-thumbnail","7":"category-chaco"},"_links":{"self":[{"href":"https:\/\/chacosintesis.com.ar\/index.php\/wp-json\/wp\/v2\/posts\/26150","targetHints":{"allow":["GET"]}}],"collection":[{"href":"https:\/\/chacosintesis.com.ar\/index.php\/wp-json\/wp\/v2\/posts"}],"about":[{"href":"https:\/\/chacosintesis.com.ar\/index.php\/wp-json\/wp\/v2\/types\/post"}],"author":[{"embeddable":true,"href":"https:\/\/chacosintesis.com.ar\/index.php\/wp-json\/wp\/v2\/users\/1"}],"replies":[{"embeddable":true,"href":"https:\/\/chacosintesis.com.ar\/index.php\/wp-json\/wp\/v2\/comments?post=26150"}],"version-history":[{"count":0,"href":"https:\/\/chacosintesis.com.ar\/index.php\/wp-json\/wp\/v2\/posts\/26150\/revisions"}],"wp:featuredmedia":[{"embeddable":true,"href":"https:\/\/chacosintesis.com.ar\/index.php\/wp-json\/wp\/v2\/media\/26151"}],"wp:attachment":[{"href":"https:\/\/chacosintesis.com.ar\/index.php\/wp-json\/wp\/v2\/media?parent=26150"}],"wp:term":[{"taxonomy":"category","embeddable":true,"href":"https:\/\/chacosintesis.com.ar\/index.php\/wp-json\/wp\/v2\/categories?post=26150"},{"taxonomy":"post_tag","embeddable":true,"href":"https:\/\/chacosintesis.com.ar\/index.php\/wp-json\/wp\/v2\/tags?post=26150"}],"curies":[{"name":"wp","href":"https:\/\/api.w.org\/{rel}","templated":true}]}}