{"id":26148,"date":"2023-09-01T17:51:54","date_gmt":"2023-09-01T20:51:54","guid":{"rendered":"https:\/\/chacosintesis.com.ar\/?p=26148"},"modified":"2023-09-01T18:07:15","modified_gmt":"2023-09-01T21:07:15","slug":"lo-que-se-ha-hecho-en-estos-cuatro-anos-creemos-que-no-se-ha-hecho-nunca-destaco-centeno","status":"publish","type":"post","link":"https:\/\/chacosintesis.com.ar\/index.php\/lo-que-se-ha-hecho-en-estos-cuatro-anos-creemos-que-no-se-ha-hecho-nunca-destaco-centeno\/","title":{"rendered":"\u201cLo que se ha hecho en estos cuatro a\u00f1os, creemos que no se ha hecho nunca\u201d, destac\u00f3 Centeno"},"content":{"rendered":"<div class=\"postie-post\">\u201cDisminuimos las derivaciones a Buenos Aires y aumentamos la capacidad resolutiva\u201d, manifest\u00f3 la ministra en di\u00e1logo con Radio Provincia del Chaco.<br \/>\nEsta ma\u00f1ana, la ministra de Salud P\u00fablica del Chaco, Carolina Centeno, dialog\u00f3 con Radio Provincia del Chaco acerca de las obras de infraestructura que se llevan a cabo en los hospitales de la provincia y de la situaci\u00f3n del sistema sanitario provincial.<br \/>\nEn este sentido, cont\u00f3: \u201cVenimos del Hospital Perrando, donde se est\u00e1 realizando la segunda etapa de la guardia\u201d. \u201cTenemos tambi\u00e9n el servicio de medicina de rehabilitaci\u00f3n que tiene un sector que se est\u00e1 terminando y el laboratorio que es una obra magn\u00edfica, muy grande en la cual se est\u00e1 programando la incorporaci\u00f3n de equipamiento espec\u00edfico para elevar la capacidad resolutiva\u201d, agreg\u00f3.<br \/>\nAdem\u00e1s, Centeno destac\u00f3 \u201clas incorporaciones del resonador y tom\u00f3grafos nuevos que producen una transformaci\u00f3n muy profunda en todo lo que hace al servicio de diagn\u00f3stico por im\u00e1genes\u201d. \u201cAdem\u00e1s del mam\u00f3grafo nuevo, est\u00e1 llegando uno en breve\u201d, remarc\u00f3.<br \/>\nPor otro lado, la ministra de Salud P\u00fablica manifest\u00f3 que \u201clo que se ha hecho en estos cuatro a\u00f1os creemos que no se ha hecho nunca\u201d. \u201cSi miramos la provincia por niveles de complejidad, tenemos el Hospital Perrando que ha iniciado procesos de refacci\u00f3n, el 4 de junio con construcci\u00f3n del servicio de Salud Mental y nuevas zonas a terminar\u201d, especific\u00f3.<br \/>\n\u201cTenemos tambi\u00e9n el hospital de Juan Jos\u00e9 Castelli no ha sufrido modificaciones pero fue hecho en el 2010 y el Pedi\u00e1tric\u201d, continu\u00f3 Centeno. \u201cLos hospitales regionales en San Mart\u00edn, Villa \u00c1ngela, Las Bre\u00f1as, Quitilipi, Charata son hospitales que principalmente durante estos dos \u00faltimos a\u00f1os est\u00e1n en refacci\u00f3n integral y ampliaci\u00f3n, construyendo para tener unidades de terapia intensiva e incorporar tom\u00f3grafos en el interior\u201d, detall\u00f3.<br \/>\n\u201cNuestra poblaci\u00f3n y la demanda en salud han aumentado\u201d, destac\u00f3 la ministra y agreg\u00f3: \u201cLa gente consulta m\u00e1s despu\u00e9s de la pandemia y cada vez m\u00e1s personas con obras sociales o prepagas se vuelcan a la atenci\u00f3n p\u00fablica, por dos cuestiones: porque conf\u00edan en la salud p\u00fablica y por los costos, que no significan solo lo que le descuenta la obra social\u201d, remarc\u00f3.<br \/>\nPor otro lado, Centeno manifest\u00f3 que \u201cel sector privado no est\u00e1 expandido en toda la provincia, entonces hay localidades donde el \u00fanico sector es el p\u00fablico\u201d.<br \/>\n\u201cLa crisis sanitaria no es econ\u00f3mica, tiene un arrastre econ\u00f3mico y financiero pero es una crisis de identidad, de hacia d\u00f3nde quiere ir el sistema\u201d, expres\u00f3 la ministra. \u201cSi queremos seguir validando la solidaridad, el compromiso, la vocaci\u00f3n y la garant\u00eda de derechos como valores fundamentales o si solamente pensamos que la salud es una fuente de dinero\u201d, explic\u00f3.<br \/>\nEn relaci\u00f3n a ello, Centeno mencion\u00f3 que \u201cesas discusiones las venimos dando con el sistema de salud p\u00fablica pero nos falta tambi\u00e9n sumar a la comunidad y sumar a que exijan un sistema de salud que lo contenga\u201d. \u201cHay un sector de la poblaci\u00f3n que tiene acceso a otro sistema de salud y cuya respuesta todav\u00eda, hoy en d\u00eda, sigue siendo ir a Buenos Aires\u201d, remarc\u00f3.<br \/>\nSin embargo, \u201cnosotros hemos disminuido las derivaciones en avi\u00f3n y en ambulancias a Buenos Aires y hemos aumentado la capacidad resolutiva\u201d, destac\u00f3 Centeno. \u201cEso significa que resolvemos m\u00e1s ac\u00e1 y no necesitamos derivar a otro espacio. Es un proceso de transformaci\u00f3n, un cambio de mirada que tambi\u00e9n lo tiene que poder hacer el sector privado\u201d, resalt\u00f3.<\/div>\n","protected":false},"excerpt":{"rendered":"<p>\u201cDisminuimos las derivaciones a Buenos Aires y aumentamos la capacidad resolutiva\u201d, manifest\u00f3 la ministra en di\u00e1logo con Radio Provincia del Chaco. Esta ma\u00f1ana, la ministra de Salud P\u00fablica del Chaco, Carolina Centeno, dialog\u00f3 con Radio Provincia del Chaco acerca de las obras de infraestructura que se llevan a cabo en los hospitales de la provincia [&hellip;]<\/p>\n","protected":false},"author":1,"featured_media":26149,"comment_status":"closed","ping_status":"closed","sticky":false,"template":"","format":"standard","meta":{"footnotes":""},"categories":[6],"tags":[],"class_list":{"0":"post-26148","1":"post","2":"type-post","3":"status-publish","4":"format-standard","5":"has-post-thumbnail","7":"category-chaco"},"_links":{"self":[{"href":"https:\/\/chacosintesis.com.ar\/index.php\/wp-json\/wp\/v2\/posts\/26148","targetHints":{"allow":["GET"]}}],"collection":[{"href":"https:\/\/chacosintesis.com.ar\/index.php\/wp-json\/wp\/v2\/posts"}],"about":[{"href":"https:\/\/chacosintesis.com.ar\/index.php\/wp-json\/wp\/v2\/types\/post"}],"author":[{"embeddable":true,"href":"https:\/\/chacosintesis.com.ar\/index.php\/wp-json\/wp\/v2\/users\/1"}],"replies":[{"embeddable":true,"href":"https:\/\/chacosintesis.com.ar\/index.php\/wp-json\/wp\/v2\/comments?post=26148"}],"version-history":[{"count":0,"href":"https:\/\/chacosintesis.com.ar\/index.php\/wp-json\/wp\/v2\/posts\/26148\/revisions"}],"wp:featuredmedia":[{"embeddable":true,"href":"https:\/\/chacosintesis.com.ar\/index.php\/wp-json\/wp\/v2\/media\/26149"}],"wp:attachment":[{"href":"https:\/\/chacosintesis.com.ar\/index.php\/wp-json\/wp\/v2\/media?parent=26148"}],"wp:term":[{"taxonomy":"category","embeddable":true,"href":"https:\/\/chacosintesis.com.ar\/index.php\/wp-json\/wp\/v2\/categories?post=26148"},{"taxonomy":"post_tag","embeddable":true,"href":"https:\/\/chacosintesis.com.ar\/index.php\/wp-json\/wp\/v2\/tags?post=26148"}],"curies":[{"name":"wp","href":"https:\/\/api.w.org\/{rel}","templated":true}]}}