{"id":26144,"date":"2023-09-01T17:43:38","date_gmt":"2023-09-01T20:43:38","guid":{"rendered":"https:\/\/chacosintesis.com.ar\/?p=26144"},"modified":"2023-09-01T18:07:06","modified_gmt":"2023-09-01T21:07:06","slug":"el-15-de-septiembre-habra-asueto-por-el-dia-de-la-magistratura","status":"publish","type":"post","link":"https:\/\/chacosintesis.com.ar\/index.php\/el-15-de-septiembre-habra-asueto-por-el-dia-de-la-magistratura\/","title":{"rendered":"El 15 de septiembre habr\u00e1 asueto por el D\u00eda de la Magistratura"},"content":{"rendered":"<div class=\"postie-post\">El viernes 15 habr\u00e1 asueto en el Poder Judicial del Chaco con motivo de la conmemoraci\u00f3n del D\u00eda de la Magistratura y la funci\u00f3n judicial.<br \/>\nEsta medida la defini\u00f3 el Superior Tribunal de Justicia en el punto 1 del acuerdo 3.711 en respuesta a lo solicitado por la Asociaci\u00f3n de Magistrados y Funcionarios Judiciales del Chaco.<br \/>\nLa fecha responde a la fundaci\u00f3n de la Federaci\u00f3n Argentina de la Magistratura y la Funci\u00f3n Judicial (FAM), ese d\u00eda de 1966, con el objetivo fundamental de dignificar su trabajo, defender la independencia del Poder Judicial, mejorar la administraci\u00f3n de justicia e instar legislaciones progresistas en todo el pa\u00eds.<\/div>\n","protected":false},"excerpt":{"rendered":"<p>El viernes 15 habr\u00e1 asueto en el Poder Judicial del Chaco con motivo de la conmemoraci\u00f3n del D\u00eda de la Magistratura y la funci\u00f3n judicial. Esta medida la defini\u00f3 el Superior Tribunal de Justicia en el punto 1 del acuerdo 3.711 en respuesta a lo solicitado por la Asociaci\u00f3n de Magistrados y Funcionarios Judiciales del [&hellip;]<\/p>\n","protected":false},"author":1,"featured_media":26145,"comment_status":"closed","ping_status":"closed","sticky":false,"template":"","format":"standard","meta":{"footnotes":""},"categories":[6],"tags":[],"class_list":{"0":"post-26144","1":"post","2":"type-post","3":"status-publish","4":"format-standard","5":"has-post-thumbnail","7":"category-chaco"},"_links":{"self":[{"href":"https:\/\/chacosintesis.com.ar\/index.php\/wp-json\/wp\/v2\/posts\/26144","targetHints":{"allow":["GET"]}}],"collection":[{"href":"https:\/\/chacosintesis.com.ar\/index.php\/wp-json\/wp\/v2\/posts"}],"about":[{"href":"https:\/\/chacosintesis.com.ar\/index.php\/wp-json\/wp\/v2\/types\/post"}],"author":[{"embeddable":true,"href":"https:\/\/chacosintesis.com.ar\/index.php\/wp-json\/wp\/v2\/users\/1"}],"replies":[{"embeddable":true,"href":"https:\/\/chacosintesis.com.ar\/index.php\/wp-json\/wp\/v2\/comments?post=26144"}],"version-history":[{"count":0,"href":"https:\/\/chacosintesis.com.ar\/index.php\/wp-json\/wp\/v2\/posts\/26144\/revisions"}],"wp:featuredmedia":[{"embeddable":true,"href":"https:\/\/chacosintesis.com.ar\/index.php\/wp-json\/wp\/v2\/media\/26145"}],"wp:attachment":[{"href":"https:\/\/chacosintesis.com.ar\/index.php\/wp-json\/wp\/v2\/media?parent=26144"}],"wp:term":[{"taxonomy":"category","embeddable":true,"href":"https:\/\/chacosintesis.com.ar\/index.php\/wp-json\/wp\/v2\/categories?post=26144"},{"taxonomy":"post_tag","embeddable":true,"href":"https:\/\/chacosintesis.com.ar\/index.php\/wp-json\/wp\/v2\/tags?post=26144"}],"curies":[{"name":"wp","href":"https:\/\/api.w.org\/{rel}","templated":true}]}}