{"id":26142,"date":"2023-09-01T17:41:19","date_gmt":"2023-09-01T20:41:19","guid":{"rendered":"https:\/\/chacosintesis.com.ar\/?p=26142"},"modified":"2023-09-01T18:07:01","modified_gmt":"2023-09-01T21:07:01","slug":"de-la-universite-de-rennes-a-la-unne-para-conocer-como-se-hace-extension-universitaria","status":"publish","type":"post","link":"https:\/\/chacosintesis.com.ar\/index.php\/de-la-universite-de-rennes-a-la-unne-para-conocer-como-se-hace-extension-universitaria\/","title":{"rendered":"De la Universit\u00e9 de Rennes a la UNNE, para conocer c\u00f3mo se hace Extensi\u00f3n Universitaria"},"content":{"rendered":"<div class=\"postie-post\">En el marco del Proyecto de Extensi\u00f3n Mejorando La Seguridad Vial Protegemos Nuestros Derechos Fundamentales, y aprovechando la visita de un docente franc\u00e9s de la Universit\u00e9 de Rennes que lleg\u00f3 a la UNNE para conocer c\u00f3mo se hace extensi\u00f3n en territorio, se concret\u00f3 la primera actividad extensionista con los estudiantes de 6to a\u00f1o del Secundario Colonia Llano.<br \/>\nDistintas actividades de l\u00ednea extensionista se desarrollaron el pasado martes 22 de agosto en horas de la siesta, en la Escuela 755 Pura Gauna de Maciel de San Luis del Palmar &#8211; Corrientes. En esa oportunidad, iniciaron formalmente las actividades del Proyecto de Extensi\u00f3n Mejorando La Seguridad Vial Protegemos Nuestros Derechos Fundamentales.<br \/>\nLos referentes a cargo de este proyecto extensionista de la Facultad de Derecho y Ciencias Sociales y Pol\u00edticas (UNNE), docentes Ariel Alcaraz y Mar\u00eda Irene Zamudio, acordaron con la directora Olimpia Delicia Soto y colaboradores, aunar las actividades de bienvenida al profesor franc\u00e9s Sylvain Soleil y la exposici\u00f3n de distintos proyectos extensionistas en un mismo evento.<br \/>\nEs que el doctor en Historia del Derecho Franc\u00e9s y Director de \u201cUniversidades Misioneras\u201d (denominaci\u00f3n que se le da en Europa a las actividades extensionistas) lleg\u00f3 a la UNNE, con la idea de recabar informaci\u00f3n sobre la modalidad de trabajo de los docentes que hacen extensi\u00f3n universitaria en este punto de Argentina.<br \/>\nEn ese marco, los docentes de la Facultad de Derecho, responsables del proyecto planificaron una jornada multiprop\u00f3sito, pensada para mostrar al profesor Soleil, las tradiciones locales de esa localidad correntina y las formas, herramientas y t\u00e9cnicas que utilizan los equipos de esa facultad para desarrollar sus proyectos de extensi\u00f3n en distintas ciudades de Chaco y Corrientes.<br \/>\nLa jornada tuvo como protagonistas principales a ni\u00f1os, j\u00f3venes y adultos de la comunidad estudiantil sanluise\u00f1a (de los niveles primario, secundario y nocturno). Todos congregados en la Escuela 755 Pura Gauna de Maciel de San Luis del Palmar &#8211; Corrientes para conocer y aprender sobre las tem\u00e1ticas desarrolladas en los proyectos de extensi\u00f3n de la UNNE, en interacci\u00f3n plena con el docente franc\u00e9s y sus colegas traductores y de equipo.<br \/>\nLos proyectos expuestos fueron:<br \/>\n&#8211; Construyendo di\u00e1logos escolares: directora Dra. Noelia Salom\u00e9 Nazaruka, codirectora Lic. Claudia Liliana Diaz;<br \/>\n&#8211; Garantizando el bienestar de nuestras personas mayores: directora: Pura Cristina Gauna, codirector: Jos\u00e9 Osvaldo Ledesma;<br \/>\n&#8211; Construyendo di\u00e1logos comunitarios: directora: Dra. Noelia Salom\u00e9 Nazaruka, codirector: Ra\u00fal Gustavo Lozano;<br \/>\n&#8211; Planificaci\u00f3n Urbana Sostenible: director: Omar Ulises Dandrea, codirector: Gustavo Adolfo Franco;<br \/>\n&#8211; Mejorando La Seguridad Vial Protegemos Nuestros Derechos Fundamentales: director: Ariel Antonio Alcaraz, codirectora: Maria Irene Zamudio;<br \/>\n&#8211; Qom, libre acceso a la justicia: directora: Gabriela Noem\u00ed Elgul, codirector: Dar\u00edo Alejandro Esquivel;<br \/>\n&#8211; Educando a nuestros ciudadanos mitigando la contaminaci\u00f3n del agua y racionalizando el agua potable para un desarrollo sostenible: directora: Elena Isabel Sogari, codirector: Edgardo Dar\u00edo L\u00f3pez Villagra.<br \/>\nPrimera actividad del proyecto<br \/>\nLa visita a la ciudad correntina de San Luis del Palmar, tuvo un primer objetivo de base: realizar la primera actividad de intercambio y capacitaci\u00f3n con la instituci\u00f3n beneficiaria de este proyecto de extensi\u00f3n de la Facultad de Derecho de la UNNE: 6to a\u00f1o del Colegio Secundario Colonia Llano, de la zona rural sanluise\u00f1a.<br \/>\nMejorando la Seguridad Vial Protegemos Nuestros Derechos Fundamentales fue el proyecto generador de esta actividad multiprop\u00f3sito en San Luis del Palmar, que involucr\u00f3 a extensionistas de Derecho, al profesor franc\u00e9s Sylvain Soleil, a estudiantes de distintos niveles del sistema educativo de esa localidad acompa\u00f1ados por sus docentes, fuerzas de seguridad vial y autoridades y docentes universitarios.<br \/>\n\u201cEsperamos realmente poder sumar con las actividades de nuestro proyecto a la concientizaci\u00f3n y la responsabilidad vinculadas a la Seguridad Vial. En este caso, la informaci\u00f3n transferida a los j\u00f3venes, los convierte en agentes multiplicadores que, a su vez, transfieren a sus entornos la informaci\u00f3n adquirida\u201d, explic\u00f3 el director del proyecto de Extensi\u00f3n, abogado Ariel Alcaraz.<br \/>\nDestac\u00f3, adem\u00e1s, que la incorporaci\u00f3n de los conocimientos vinculados a Seguridad Vial, se realiza con este grupo de estudiantes por medio de la observancia y por el fomento del cumplimiento de la legislaci\u00f3n vigente en la materia.<br \/>\n\u201cCreemos que, si los alumnos conocen y aprenden la normativa sobre el tema, podremos avanzar en la prevenci\u00f3n de siniestros viales de esa comunidad en particular, ya que nuestro proyecto busca poner a los estudiantes y docentes del 6to. a\u00f1o de Colonia Llano, en un rol activo, y no meros receptores pasivos, al poder vivenciar que sus acciones son capaces de producir cambios positivos en la comunidad\u201d, defini\u00f3 el referente del equipo extensionista de Derecho.<br \/>\nLos alumnos interactuaron en la primera charla-taller con agentes de la Direcci\u00f3n de Tr\u00e1nsito de San Luis del Palmar, oportunidad en la que pudieron conocer las herramientas y elementos que utilizan a diario los agentes de tr\u00e1nsito y seguridad vial para control de alcoholemia, para labrar actas de infracci\u00f3n, los requerimientos para circular en veh\u00edculos de distinto porte, los elementos y documentaci\u00f3n obligatorios para circular en motos, autos, camiones, entre otras cuestiones.<br \/>\nEste proyecto de extensi\u00f3n est\u00e1 encabezado por su director, Ariel Alcaraz junto a su par codirectora, Maria Irene Zamudio; se suman al trabajo, los secretarios de Extensi\u00f3n y Bienestar Estudiantil Derecho, Noelia Nazaruka y Maximiliano P\u00e9rez, los graduados Marcos Ota\u00f1o y Anal\u00eda Molina junto a los estudiantes Ezequiel Mart\u00edn, Jorge Vargas Gonz\u00e1lez, Maria Yazbel Ojeda, Sof\u00eda Gonz\u00e1lez, Camila Laureano, Adriana R\u00edos y los docentes Carlos \u00c1lvez -en su rol de coordinador del proyecto-, Susana Alegre, Josefina \u00c1lvarez, Elena Di N\u00fabila, Jos\u00e9 Luj\u00e1n, Jorge Machuca, Milton Torres y Facundo David Barrios, todos presentes en lo que fue el primer taller informativo y did\u00e1ctico de este proyecto.<br \/>\nEsta actividad extensionista, busca generar conciencia y aprendizaje sobre la legislaci\u00f3n vigente vinculada a normativas, se\u00f1ales y reglas de seguridad vial. El profesor Soleil, luego de esta experiencia de intercambio extensionista con colegas de la Facultad de Derecho de la UNNE en San Luis del Palmar, Corrientes, se mostr\u00f3 muy agradecido por el emotivo recibimiento en la escuela Pura Ga\u00fana de Maciel por parte de autoridades y estudiantes locales y por la organizaci\u00f3n dispuesta por el equipo extensionista liderado por el doctor Alcaraz.  El docente franc\u00e9s, qued\u00f3 muy sorprendido por el trabajo y las tem\u00e1ticas extensionistas desarrolladas por los docentes de la UNNE y que pudo visibilizar realizando intervenci\u00f3n en territorio.<\/div>\n","protected":false},"excerpt":{"rendered":"<p>En el marco del Proyecto de Extensi\u00f3n Mejorando La Seguridad Vial Protegemos Nuestros Derechos Fundamentales, y aprovechando la visita de un docente franc\u00e9s de la Universit\u00e9 de Rennes que lleg\u00f3 a la UNNE para conocer c\u00f3mo se hace extensi\u00f3n en territorio, se concret\u00f3 la primera actividad extensionista con los estudiantes de 6to a\u00f1o del Secundario [&hellip;]<\/p>\n","protected":false},"author":1,"featured_media":26143,"comment_status":"closed","ping_status":"closed","sticky":false,"template":"","format":"standard","meta":{"footnotes":""},"categories":[6],"tags":[],"class_list":{"0":"post-26142","1":"post","2":"type-post","3":"status-publish","4":"format-standard","5":"has-post-thumbnail","7":"category-chaco"},"_links":{"self":[{"href":"https:\/\/chacosintesis.com.ar\/index.php\/wp-json\/wp\/v2\/posts\/26142","targetHints":{"allow":["GET"]}}],"collection":[{"href":"https:\/\/chacosintesis.com.ar\/index.php\/wp-json\/wp\/v2\/posts"}],"about":[{"href":"https:\/\/chacosintesis.com.ar\/index.php\/wp-json\/wp\/v2\/types\/post"}],"author":[{"embeddable":true,"href":"https:\/\/chacosintesis.com.ar\/index.php\/wp-json\/wp\/v2\/users\/1"}],"replies":[{"embeddable":true,"href":"https:\/\/chacosintesis.com.ar\/index.php\/wp-json\/wp\/v2\/comments?post=26142"}],"version-history":[{"count":0,"href":"https:\/\/chacosintesis.com.ar\/index.php\/wp-json\/wp\/v2\/posts\/26142\/revisions"}],"wp:featuredmedia":[{"embeddable":true,"href":"https:\/\/chacosintesis.com.ar\/index.php\/wp-json\/wp\/v2\/media\/26143"}],"wp:attachment":[{"href":"https:\/\/chacosintesis.com.ar\/index.php\/wp-json\/wp\/v2\/media?parent=26142"}],"wp:term":[{"taxonomy":"category","embeddable":true,"href":"https:\/\/chacosintesis.com.ar\/index.php\/wp-json\/wp\/v2\/categories?post=26142"},{"taxonomy":"post_tag","embeddable":true,"href":"https:\/\/chacosintesis.com.ar\/index.php\/wp-json\/wp\/v2\/tags?post=26142"}],"curies":[{"name":"wp","href":"https:\/\/api.w.org\/{rel}","templated":true}]}}