{"id":26136,"date":"2023-09-01T17:24:59","date_gmt":"2023-09-01T20:24:59","guid":{"rendered":"https:\/\/chacosintesis.com.ar\/?p=26136"},"modified":"2023-09-01T17:38:21","modified_gmt":"2023-09-01T20:38:21","slug":"lifton-el-objetivo-principal-es-el-acompanamiento-pleno-y-el-trabajo-codo-a-codo-con-cada-pyme-empresario-o-emprendedor","status":"publish","type":"post","link":"https:\/\/chacosintesis.com.ar\/index.php\/lifton-el-objetivo-principal-es-el-acompanamiento-pleno-y-el-trabajo-codo-a-codo-con-cada-pyme-empresario-o-emprendedor\/","title":{"rendered":"Lifton: \u201cEl objetivo principal es el acompa\u00f1amiento pleno y el trabajo codo a codo con cada pyme, empresario o emprendedor\u201d"},"content":{"rendered":"<div class=\"postie-post\">El ministro de Producci\u00f3n, Industria y Empleo de la provincia de Chaco en la CEPAL habl\u00f3 sobre el trabajo que se encuentran realizando en todo el territorio y los objetivos planteados desde el Ministerio.<br \/>\nSebasti\u00e1n Lifton, ministro de Producci\u00f3n, Industria y Empleo de la provincia de Chaco en la CEPAL, dialog\u00f3 con Radio Provincia del Chaco y habl\u00f3 sobre el trabajo que se encuentran realizando en todo el territorio y los objetivos planteados desde el Ministerio. En este sentido, coment\u00f3 que una de las inversiones tiene que ver con las refacciones de un hotel, emprendimiento que est\u00e1 encabezado por un grupo de inversores acompa\u00f1ado de Jorge Almir\u00f3n. \u201cEl objetivo es ir generando la posibilidad de apalancar inversiones que permitan recuperar niveles de actividad o refacciones en algunos hoteles\u201d, explic\u00f3.<br \/>\n\u201cEs un hotel que hab\u00eda cerrado y que puede reabrir sus puertas con las adaptaciones necesarias, modernizar la estructura del mismo y adaptarse a las nuevas necesidades de la industria tur\u00edstica en nuestra ciudad o en el norte del pa\u00eds\u201d, agreg\u00f3 Lifton, y expres\u00f3: \u201cEs un emprendimiento m\u00e1s que se pone en marcha, un emprendimiento m\u00e1s que se recupera con una generaci\u00f3n muy importante de puestos de trabajo\u201d. Cabe destacar que la reactivaci\u00f3n final ser\u00e1 en diciembre o principios de enero del 2024.<br \/>\nAsimismo, el ministro tambi\u00e9n inform\u00f3 que se est\u00e1n realizando importantes inversiones en distintos sectores, con gran generaci\u00f3n de empleo. \u201cEl d\u00eda de ma\u00f1ana vamos a estar inaugurando dos f\u00e1bricas muy importantes\u201d, dijo Lifton. En este sentido, explic\u00f3 que una tiene que ver con la fabricaci\u00f3n de pelotas y otra con un taller de confecci\u00f3n en el lavadero industrial de Puerto de Tirol. \u201cVamos a estar inaugurando dos talleres textiles m\u00e1s muy importantes en el transcurso de la semana siguiente y en la localidad de Fontana. Estamos cerrando las \u00faltimas etapas\u201d, agreg\u00f3.<br \/>\n\u201cTenemos una premisa y un objetivo principal que es el acompa\u00f1amiento pleno y el trabajo codo a codo con cada pyme, con cada empresario, con cada emprendedor que requiere o que tiene ideas de negocio, que tiene propuestas y que necesita ponerlas en marcha y muchas veces es necesario el acompa\u00f1amiento con pol\u00edticas p\u00fablicas espec\u00edficas\u201d, concluy\u00f3 Lifton.<\/div>\n","protected":false},"excerpt":{"rendered":"<p>El ministro de Producci\u00f3n, Industria y Empleo de la provincia de Chaco en la CEPAL habl\u00f3 sobre el trabajo que se encuentran realizando en todo el territorio y los objetivos planteados desde el Ministerio. Sebasti\u00e1n Lifton, ministro de Producci\u00f3n, Industria y Empleo de la provincia de Chaco en la CEPAL, dialog\u00f3 con Radio Provincia del [&hellip;]<\/p>\n","protected":false},"author":1,"featured_media":26137,"comment_status":"closed","ping_status":"closed","sticky":false,"template":"","format":"standard","meta":{"footnotes":""},"categories":[6],"tags":[],"class_list":{"0":"post-26136","1":"post","2":"type-post","3":"status-publish","4":"format-standard","5":"has-post-thumbnail","7":"category-chaco"},"_links":{"self":[{"href":"https:\/\/chacosintesis.com.ar\/index.php\/wp-json\/wp\/v2\/posts\/26136","targetHints":{"allow":["GET"]}}],"collection":[{"href":"https:\/\/chacosintesis.com.ar\/index.php\/wp-json\/wp\/v2\/posts"}],"about":[{"href":"https:\/\/chacosintesis.com.ar\/index.php\/wp-json\/wp\/v2\/types\/post"}],"author":[{"embeddable":true,"href":"https:\/\/chacosintesis.com.ar\/index.php\/wp-json\/wp\/v2\/users\/1"}],"replies":[{"embeddable":true,"href":"https:\/\/chacosintesis.com.ar\/index.php\/wp-json\/wp\/v2\/comments?post=26136"}],"version-history":[{"count":0,"href":"https:\/\/chacosintesis.com.ar\/index.php\/wp-json\/wp\/v2\/posts\/26136\/revisions"}],"wp:featuredmedia":[{"embeddable":true,"href":"https:\/\/chacosintesis.com.ar\/index.php\/wp-json\/wp\/v2\/media\/26137"}],"wp:attachment":[{"href":"https:\/\/chacosintesis.com.ar\/index.php\/wp-json\/wp\/v2\/media?parent=26136"}],"wp:term":[{"taxonomy":"category","embeddable":true,"href":"https:\/\/chacosintesis.com.ar\/index.php\/wp-json\/wp\/v2\/categories?post=26136"},{"taxonomy":"post_tag","embeddable":true,"href":"https:\/\/chacosintesis.com.ar\/index.php\/wp-json\/wp\/v2\/tags?post=26136"}],"curies":[{"name":"wp","href":"https:\/\/api.w.org\/{rel}","templated":true}]}}