{"id":26132,"date":"2023-09-01T17:21:59","date_gmt":"2023-09-01T20:21:59","guid":{"rendered":"https:\/\/chacosintesis.com.ar\/?p=26132"},"modified":"2023-09-01T17:38:12","modified_gmt":"2023-09-01T20:38:12","slug":"barranqueras-contara-con-34-nuevas-cuadras-de-pavimento-urbano","status":"publish","type":"post","link":"https:\/\/chacosintesis.com.ar\/index.php\/barranqueras-contara-con-34-nuevas-cuadras-de-pavimento-urbano\/","title":{"rendered":"Barranqueras contar\u00e1 con 34 nuevas cuadras de pavimento urbano"},"content":{"rendered":"<div class=\"postie-post\">La intendenta enumer\u00f3 las obras que est\u00e1n terminando para el desarrollo comunitario. \u201cEs un antes y despu\u00e9s para la localidad desde el 2019\u201d, destac\u00f3.<br \/>\nEn di\u00e1logo con Radio Provincia del Chaco, la intendenta de Barranqueras, Magda Ayala coment\u00f3 que en la semana pr\u00f3xima se estar\u00e1n inaugurando 34 cuadras de pavimento urbano, de las 154 previstas para la gesti\u00f3n. \u201cDesde el 2019, fue un antes y un despu\u00e9s para la localidad\u201d, calific\u00f3 la jefa comunal.<br \/>\n\u201cTenemos 39 cuadras de pavimentaci\u00f3n en ejecuci\u00f3n en Villa Florida. Estamos por intervenir dos centros de salud de los siete que nos planteamos, y estamos recuperando 23 espacios verdes en distintos barrios\u201d, enumer\u00f3 Ayala.<br \/>\nTambi\u00e9n se realizaron obras en los Centros de Integraci\u00f3n Comunitaria (CIC) de los barrios La Toma y 40 Viviendas, \u201cpara brindar a las familias la atenci\u00f3n infantil que necesitan\u201d, explic\u00f3.<br \/>\nEn materia salarial, Ayala record\u00f3 que cuando asumi\u00f3 la gesti\u00f3n, \u201clas y los trabajadores municipales ven\u00edan de 20 a\u00f1os de precariedad laboral y r\u00e1pidamente trabajamos para darle las recomposiciones que requer\u00eda la importancia de su trabajo\u201d. Se anunci\u00f3 un 20% de aumento, que se dividir\u00e1 en dos tramos, un 10% que se liquidar\u00e1 con el sueldo de agosto, que se cobra el d\u00eda 4 de septiembre; y el otro 10% se liquidar\u00e1 con el sueldo del mes en curso.  La intendenta record\u00f3 que en agosto se proporcion\u00f3 una suma fija para acompa\u00f1ar a las y los trabajadores. \u201cEn lo que va del 2023, el salario de las y los municipales de Barranqueras se increment\u00f3 en un 93% acumulativo y m\u00e1s del 70% nominal\u201d, aclar\u00f3 Ayala.<br \/>\nPara generar una ciudad atractiva para las inversiones, Ayala explic\u00f3 que est\u00e1n trabajando en proveer la infraestructura b\u00e1sica en seguridad, iluminaci\u00f3n, provisi\u00f3n de electrificaci\u00f3n y agua para el asentamiento de nuevos comercios y emprendimientos.<\/div>\n","protected":false},"excerpt":{"rendered":"<p>La intendenta enumer\u00f3 las obras que est\u00e1n terminando para el desarrollo comunitario. \u201cEs un antes y despu\u00e9s para la localidad desde el 2019\u201d, destac\u00f3. En di\u00e1logo con Radio Provincia del Chaco, la intendenta de Barranqueras, Magda Ayala coment\u00f3 que en la semana pr\u00f3xima se estar\u00e1n inaugurando 34 cuadras de pavimento urbano, de las 154 previstas [&hellip;]<\/p>\n","protected":false},"author":1,"featured_media":26133,"comment_status":"closed","ping_status":"closed","sticky":false,"template":"","format":"standard","meta":{"footnotes":""},"categories":[6],"tags":[],"class_list":{"0":"post-26132","1":"post","2":"type-post","3":"status-publish","4":"format-standard","5":"has-post-thumbnail","7":"category-chaco"},"_links":{"self":[{"href":"https:\/\/chacosintesis.com.ar\/index.php\/wp-json\/wp\/v2\/posts\/26132","targetHints":{"allow":["GET"]}}],"collection":[{"href":"https:\/\/chacosintesis.com.ar\/index.php\/wp-json\/wp\/v2\/posts"}],"about":[{"href":"https:\/\/chacosintesis.com.ar\/index.php\/wp-json\/wp\/v2\/types\/post"}],"author":[{"embeddable":true,"href":"https:\/\/chacosintesis.com.ar\/index.php\/wp-json\/wp\/v2\/users\/1"}],"replies":[{"embeddable":true,"href":"https:\/\/chacosintesis.com.ar\/index.php\/wp-json\/wp\/v2\/comments?post=26132"}],"version-history":[{"count":0,"href":"https:\/\/chacosintesis.com.ar\/index.php\/wp-json\/wp\/v2\/posts\/26132\/revisions"}],"wp:featuredmedia":[{"embeddable":true,"href":"https:\/\/chacosintesis.com.ar\/index.php\/wp-json\/wp\/v2\/media\/26133"}],"wp:attachment":[{"href":"https:\/\/chacosintesis.com.ar\/index.php\/wp-json\/wp\/v2\/media?parent=26132"}],"wp:term":[{"taxonomy":"category","embeddable":true,"href":"https:\/\/chacosintesis.com.ar\/index.php\/wp-json\/wp\/v2\/categories?post=26132"},{"taxonomy":"post_tag","embeddable":true,"href":"https:\/\/chacosintesis.com.ar\/index.php\/wp-json\/wp\/v2\/tags?post=26132"}],"curies":[{"name":"wp","href":"https:\/\/api.w.org\/{rel}","templated":true}]}}