{"id":26130,"date":"2023-09-01T17:20:46","date_gmt":"2023-09-01T20:20:46","guid":{"rendered":"https:\/\/chacosintesis.com.ar\/?p=26130"},"modified":"2023-09-01T17:38:07","modified_gmt":"2023-09-01T20:38:07","slug":"la-administracion-provincial-del-agua-participo-del-congreso-nacional-del-agua","status":"publish","type":"post","link":"https:\/\/chacosintesis.com.ar\/index.php\/la-administracion-provincial-del-agua-participo-del-congreso-nacional-del-agua\/","title":{"rendered":"La Administraci\u00f3n Provincial del Agua particip\u00f3 del Congreso Nacional del Agua"},"content":{"rendered":"<div class=\"postie-post\">El encuentro se concret\u00f3 en el Centro Cultural Kirchner de Capital Federal<br \/>\nSe llev\u00f3 a cabo la XXVII edici\u00f3n del Congreso Nacional del Agua (CONAGUA) organizado por el Instituto Nacional del Agua y el Ministerio de Obras P\u00fablicas de la Naci\u00f3n, en el que particip\u00f3 la Administraci\u00f3n Provincial del Agua. Se present\u00f3 una publicaci\u00f3n que da cuenta de los 20 a\u00f1os del Consejo H\u00eddrico Federal.<br \/>\nEl encuentro fue en el Centro Cultural Kirchner de Capital Federal, donde se trabajaron distintas cuestiones que hacen al desarrollo de las pol\u00edticas p\u00fablicas que demanda nuestro pa\u00eds en materia h\u00eddrica. Algunos de los temas que se  abordaron fueron: Gesti\u00f3n Integrada del Recurso H\u00eddrico; Tecnolog\u00eda Innovaci\u00f3n para el Desarrollo; Riesgo h\u00eddrico en extremos clim\u00e1ticos; Econom\u00eda circular del Agua; Agua y producci\u00f3n energ\u00e9tica; gobernanza del agua en Argentina y; Hacia un pacto federal del Agua.<br \/>\nEl encuentro fue el espacio propicio para que desde el Consejo H\u00eddrico Federal, organismo que fue presidido recientemente por el referente chaque\u00f1o Gustavo D\u00b4Alessandro, se presente un libro que recopila el trabajo generado en los \u00faltimos veinte a\u00f1os.<br \/>\nEl Concejo es el espacio de consulta permanente entre los estados provinciales que permite el acuerdo y ejecuci\u00f3n de distintos programas interprovinciales. Este trabajo, m\u00e1s otros avances que hacen al desarrollo de las pol\u00edticas p\u00fablicas en materia h\u00eddrica se encuentran recopilados en el material bibliogr\u00e1fico.<br \/>\nEn la presentaci\u00f3n estuvieron referentes que forjaron la creaci\u00f3n del COHIFE junto a los actuales integrantes.<\/div>\n","protected":false},"excerpt":{"rendered":"<p>El encuentro se concret\u00f3 en el Centro Cultural Kirchner de Capital Federal Se llev\u00f3 a cabo la XXVII edici\u00f3n del Congreso Nacional del Agua (CONAGUA) organizado por el Instituto Nacional del Agua y el Ministerio de Obras P\u00fablicas de la Naci\u00f3n, en el que particip\u00f3 la Administraci\u00f3n Provincial del Agua. Se present\u00f3 una publicaci\u00f3n que [&hellip;]<\/p>\n","protected":false},"author":1,"featured_media":26131,"comment_status":"closed","ping_status":"closed","sticky":false,"template":"","format":"standard","meta":{"footnotes":""},"categories":[6],"tags":[],"class_list":{"0":"post-26130","1":"post","2":"type-post","3":"status-publish","4":"format-standard","5":"has-post-thumbnail","7":"category-chaco"},"_links":{"self":[{"href":"https:\/\/chacosintesis.com.ar\/index.php\/wp-json\/wp\/v2\/posts\/26130","targetHints":{"allow":["GET"]}}],"collection":[{"href":"https:\/\/chacosintesis.com.ar\/index.php\/wp-json\/wp\/v2\/posts"}],"about":[{"href":"https:\/\/chacosintesis.com.ar\/index.php\/wp-json\/wp\/v2\/types\/post"}],"author":[{"embeddable":true,"href":"https:\/\/chacosintesis.com.ar\/index.php\/wp-json\/wp\/v2\/users\/1"}],"replies":[{"embeddable":true,"href":"https:\/\/chacosintesis.com.ar\/index.php\/wp-json\/wp\/v2\/comments?post=26130"}],"version-history":[{"count":0,"href":"https:\/\/chacosintesis.com.ar\/index.php\/wp-json\/wp\/v2\/posts\/26130\/revisions"}],"wp:featuredmedia":[{"embeddable":true,"href":"https:\/\/chacosintesis.com.ar\/index.php\/wp-json\/wp\/v2\/media\/26131"}],"wp:attachment":[{"href":"https:\/\/chacosintesis.com.ar\/index.php\/wp-json\/wp\/v2\/media?parent=26130"}],"wp:term":[{"taxonomy":"category","embeddable":true,"href":"https:\/\/chacosintesis.com.ar\/index.php\/wp-json\/wp\/v2\/categories?post=26130"},{"taxonomy":"post_tag","embeddable":true,"href":"https:\/\/chacosintesis.com.ar\/index.php\/wp-json\/wp\/v2\/tags?post=26130"}],"curies":[{"name":"wp","href":"https:\/\/api.w.org\/{rel}","templated":true}]}}