{"id":26128,"date":"2023-09-01T17:18:31","date_gmt":"2023-09-01T20:18:31","guid":{"rendered":"https:\/\/chacosintesis.com.ar\/?p=26128"},"modified":"2023-09-01T17:38:03","modified_gmt":"2023-09-01T20:38:03","slug":"acuerdo-para-concretar-mejoras-en-la-sede-de-la-mutual-de-jubilados-de-la-provincia","status":"publish","type":"post","link":"https:\/\/chacosintesis.com.ar\/index.php\/acuerdo-para-concretar-mejoras-en-la-sede-de-la-mutual-de-jubilados-de-la-provincia\/","title":{"rendered":"Acuerdo para concretar mejoras en la sede de la Mutual de Jubilados de la provincia"},"content":{"rendered":"<div class=\"postie-post\">El acuerdo contempla  la construcci\u00f3n de un Sal\u00f3n de Usos M\u00faltiples y refacciones en el predio de la Mutual de Jubilados.<br \/>\nAutoridades de Loter\u00eda Chaque\u00f1a y la Asociaci\u00f3n Mutual Centro de Jubilados, Pensionados y Retirados de la Provincia firmaron un acuerdo para avanzar con obras de infraestructura en la sede de esta instituci\u00f3n que nuclea a trabajadores y trabajadoras del sector pasivo.<br \/>\nEl acuerdo, que fue rubricado por el presidente de Loter\u00eda Chaque\u00f1a, Gabriel Lemos y el titular de la Mutual de Jubilados, Ovidio Maestri, establece la construcci\u00f3n de un Sal\u00f3n de Usos M\u00faltiples y refacciones en el predio ubicado en Salta 333 de Resistencia.<br \/>\n\u201cEs una obra muy anhelada porque nos permitir\u00e1 contar con un espacio id\u00f3neo para realizar reuniones sociales, celebraciones y homenajes\u201d destac\u00f3 Maestri, quien estuvo acompa\u00f1ado por el vicepresidente Atilio Bernasconi.<br \/>\nEn este contexto Gabriel Lemos, recalc\u00f3 que estas mejoras responden a un compromiso del gobernador Jorge Capitanich de escuchar y atender las demandas de todos los sectores de la sociedad, en este caso de una organizaci\u00f3n que nuclea a m\u00e1s de 3500 adultos mayores.<\/div>\n","protected":false},"excerpt":{"rendered":"<p>El acuerdo contempla la construcci\u00f3n de un Sal\u00f3n de Usos M\u00faltiples y refacciones en el predio de la Mutual de Jubilados. Autoridades de Loter\u00eda Chaque\u00f1a y la Asociaci\u00f3n Mutual Centro de Jubilados, Pensionados y Retirados de la Provincia firmaron un acuerdo para avanzar con obras de infraestructura en la sede de esta instituci\u00f3n que nuclea [&hellip;]<\/p>\n","protected":false},"author":1,"featured_media":26129,"comment_status":"closed","ping_status":"closed","sticky":false,"template":"","format":"standard","meta":{"footnotes":""},"categories":[6],"tags":[],"class_list":{"0":"post-26128","1":"post","2":"type-post","3":"status-publish","4":"format-standard","5":"has-post-thumbnail","7":"category-chaco"},"_links":{"self":[{"href":"https:\/\/chacosintesis.com.ar\/index.php\/wp-json\/wp\/v2\/posts\/26128","targetHints":{"allow":["GET"]}}],"collection":[{"href":"https:\/\/chacosintesis.com.ar\/index.php\/wp-json\/wp\/v2\/posts"}],"about":[{"href":"https:\/\/chacosintesis.com.ar\/index.php\/wp-json\/wp\/v2\/types\/post"}],"author":[{"embeddable":true,"href":"https:\/\/chacosintesis.com.ar\/index.php\/wp-json\/wp\/v2\/users\/1"}],"replies":[{"embeddable":true,"href":"https:\/\/chacosintesis.com.ar\/index.php\/wp-json\/wp\/v2\/comments?post=26128"}],"version-history":[{"count":0,"href":"https:\/\/chacosintesis.com.ar\/index.php\/wp-json\/wp\/v2\/posts\/26128\/revisions"}],"wp:featuredmedia":[{"embeddable":true,"href":"https:\/\/chacosintesis.com.ar\/index.php\/wp-json\/wp\/v2\/media\/26129"}],"wp:attachment":[{"href":"https:\/\/chacosintesis.com.ar\/index.php\/wp-json\/wp\/v2\/media?parent=26128"}],"wp:term":[{"taxonomy":"category","embeddable":true,"href":"https:\/\/chacosintesis.com.ar\/index.php\/wp-json\/wp\/v2\/categories?post=26128"},{"taxonomy":"post_tag","embeddable":true,"href":"https:\/\/chacosintesis.com.ar\/index.php\/wp-json\/wp\/v2\/tags?post=26128"}],"curies":[{"name":"wp","href":"https:\/\/api.w.org\/{rel}","templated":true}]}}