{"id":26126,"date":"2023-09-01T17:17:19","date_gmt":"2023-09-01T20:17:19","guid":{"rendered":"https:\/\/chacosintesis.com.ar\/?p=26126"},"modified":"2023-09-01T17:37:57","modified_gmt":"2023-09-01T20:37:57","slug":"trabajadores-y-trabajadoras-de-loteria-chaquena-elegiran-sus-representantes-en-el-directorio-el-proximo-lunes","status":"publish","type":"post","link":"https:\/\/chacosintesis.com.ar\/index.php\/trabajadores-y-trabajadoras-de-loteria-chaquena-elegiran-sus-representantes-en-el-directorio-el-proximo-lunes\/","title":{"rendered":"Trabajadores y trabajadoras de Loter\u00eda Chaque\u00f1a elegir\u00e1n sus representantes en el Directorio el pr\u00f3ximo lunes"},"content":{"rendered":"<div class=\"postie-post\">El Tribunal Electoral de Loter\u00eda Chaque\u00f1a, presidido por Viviana Quintana, confirm\u00f3 que ser\u00e1n 261 los electores habilitados a sufragar.<br \/>\nLos empleados y empleadas de Loter\u00eda Chaque\u00f1a concurrir\u00e1n el pr\u00f3ximo lunes 4 de septiembre a las urnas para elegir un vocal titular y un suplente, que habr\u00e1n de representarlos durante los pr\u00f3ximos dos a\u00f1os en el Directorio del organismo. Ser\u00e1n tres listas que tomar\u00e1n parte en los comicios internos: La Lista N\u00ba 1 \u201cIntegraci\u00f3n y Compromiso\u201d, que lleva a Claudio P\u00e9rez y Olga Gonz\u00e1lez como candidatos a vocal titular y vocal suplente, respectivamente; la Lista N\u00ba 2 \u201cJuntos es Mejor\u201d, con Mart\u00edn Portela y Miguel Jaurechi como candidatos a vocal titular y suplente; y la Lista N\u00ba3 \u201cVoz Unida\u201d, que postula a Eduardo Molina y Florencia Stiemerling como candidatos a vocal titular y vocal suplente. El Tribunal Electoral de Loter\u00eda Chaque\u00f1a, presidido por Viviana Quintana, confirm\u00f3 que ser\u00e1n 261 los electores habilitados a sufragar y que podr\u00e1n hacerlo en dos mesas: una habilitada en la sede central de la avenida 9 de Julio 145 de Resistencia y otra dispuesta en la sede de Moreno 1155 de Presidencia Roque S\u00e1enz Pe\u00f1a. Los comicios se abrir\u00e1n a las 8 y se extender\u00e1n hasta las 15 del lunes venidero. Desde la Junta Electoral de Loter\u00eda Chaque\u00f1a se extendi\u00f3 invitaci\u00f3n formal al Ministerio de Planificaci\u00f3n, Econom\u00eda e Infraestructura para que tome participaci\u00f3n en car\u00e1cter de veedor en representaci\u00f3n del Ejecutivo provincial. Los integrantes de la Lista que resulte ganadora ser\u00e1n ungidos como representantes de los empleados en el Directorio de Loter\u00eda Chaque\u00f1a por un per\u00edodo de dos a\u00f1os que iniciar\u00e1 formalmente el 10 de diciembre pr\u00f3ximo. Reemplazar\u00e1n en el cargo al actual vocal titular por el personal Pablo Espinosa y la vocal suplente Estela Sasvata. Desde las tres listas participantes destacaron el clima de respeto y cordialidad que prim\u00f3 durante el per\u00edodo preelectoral, en el que los candidatos pudieron recorrer las oficinas para exponer sus propuestas e intercambiar ideas con sus compa\u00f1eros y compa\u00f1eras.<\/div>\n","protected":false},"excerpt":{"rendered":"<p>El Tribunal Electoral de Loter\u00eda Chaque\u00f1a, presidido por Viviana Quintana, confirm\u00f3 que ser\u00e1n 261 los electores habilitados a sufragar. Los empleados y empleadas de Loter\u00eda Chaque\u00f1a concurrir\u00e1n el pr\u00f3ximo lunes 4 de septiembre a las urnas para elegir un vocal titular y un suplente, que habr\u00e1n de representarlos durante los pr\u00f3ximos dos a\u00f1os en el [&hellip;]<\/p>\n","protected":false},"author":1,"featured_media":26127,"comment_status":"closed","ping_status":"closed","sticky":false,"template":"","format":"standard","meta":{"footnotes":""},"categories":[6],"tags":[],"class_list":{"0":"post-26126","1":"post","2":"type-post","3":"status-publish","4":"format-standard","5":"has-post-thumbnail","7":"category-chaco"},"_links":{"self":[{"href":"https:\/\/chacosintesis.com.ar\/index.php\/wp-json\/wp\/v2\/posts\/26126","targetHints":{"allow":["GET"]}}],"collection":[{"href":"https:\/\/chacosintesis.com.ar\/index.php\/wp-json\/wp\/v2\/posts"}],"about":[{"href":"https:\/\/chacosintesis.com.ar\/index.php\/wp-json\/wp\/v2\/types\/post"}],"author":[{"embeddable":true,"href":"https:\/\/chacosintesis.com.ar\/index.php\/wp-json\/wp\/v2\/users\/1"}],"replies":[{"embeddable":true,"href":"https:\/\/chacosintesis.com.ar\/index.php\/wp-json\/wp\/v2\/comments?post=26126"}],"version-history":[{"count":0,"href":"https:\/\/chacosintesis.com.ar\/index.php\/wp-json\/wp\/v2\/posts\/26126\/revisions"}],"wp:featuredmedia":[{"embeddable":true,"href":"https:\/\/chacosintesis.com.ar\/index.php\/wp-json\/wp\/v2\/media\/26127"}],"wp:attachment":[{"href":"https:\/\/chacosintesis.com.ar\/index.php\/wp-json\/wp\/v2\/media?parent=26126"}],"wp:term":[{"taxonomy":"category","embeddable":true,"href":"https:\/\/chacosintesis.com.ar\/index.php\/wp-json\/wp\/v2\/categories?post=26126"},{"taxonomy":"post_tag","embeddable":true,"href":"https:\/\/chacosintesis.com.ar\/index.php\/wp-json\/wp\/v2\/tags?post=26126"}],"curies":[{"name":"wp","href":"https:\/\/api.w.org\/{rel}","templated":true}]}}