{"id":26124,"date":"2023-09-01T17:14:37","date_gmt":"2023-09-01T20:14:37","guid":{"rendered":"https:\/\/chacosintesis.com.ar\/?p=26124"},"modified":"2023-09-01T17:37:53","modified_gmt":"2023-09-01T20:37:53","slug":"la-asociacion-sindical-de-empleados-de-la-contaduria-y-tesoreria-general-de-la-provincia-tendra-sus-elecciones-el-26-de-septiembre","status":"publish","type":"post","link":"https:\/\/chacosintesis.com.ar\/index.php\/la-asociacion-sindical-de-empleados-de-la-contaduria-y-tesoreria-general-de-la-provincia-tendra-sus-elecciones-el-26-de-septiembre\/","title":{"rendered":"La Asociaci\u00f3n Sindical de Empleados de la Contadur\u00eda y Tesorer\u00eda General de la Provincia tendr\u00e1 sus elecciones el 26 de septiembre"},"content":{"rendered":"<div class=\"postie-post\">El secretario general Marcelo Domecq habl\u00f3 sobre el ente que regula a los trabajadores de las jurisdicciones de Contadur\u00eda y Tesorer\u00eda e inform\u00f3 c\u00f3mo se llevar\u00e1 a cabo el acto electoral en donde se elegir\u00e1n las autoridades que van a conducir los destinos del gremio.<br \/>\nMarcelo Domecq, secretario general de la Asociaci\u00f3n Sindical de Empleados de la Contadur\u00eda y Tesorer\u00eda General de la Provincia, dialog\u00f3 con Radio Provincia del Chaco sobre las elecciones que se realizar\u00e1n el 26 de septiembre, en donde se elegir\u00e1n las autoridades que van a conducir los destinos del gremio que representa a los trabajadores. \u201cLa Junta Electoral nos comunic\u00f3 que la lista que se ha presentado es \u00fanicamente la nuestra. El Ministerio de Trabajo de la Naci\u00f3n nos ha pedido culminar el proceso electoral, entonces vamos a tener que ir a votar\u201d, explic\u00f3.<br \/>\nEn este sentido, detall\u00f3 que la lista de diez integrantes que lidera como candidato a secretario general fue la \u00fanica en presentarse ante la Junta Electoral, que ha recibido las listas hasta el d\u00eda 18 de agosto. Para la elecci\u00f3n que se realizar\u00e1 el martes 26 de septiembre en la sede de la Uni\u00f3n Obrera Metal\u00fargica, se encuentren habilitados 100 afiliados dentro del padr\u00f3n electoral, quienes deber\u00e1n llevar \u00fanicamente su DNI para efectuar el voto.<br \/>\nSobre la asociaci\u00f3n, dijo que se trata de \u201cun ente u organismo que viene a regular cuestiones que son en beneficio de todos los trabajadores\u201d. Adem\u00e1s, coment\u00f3 que actualmente se encuentra intervenido a trav\u00e9s del Ministerio de Trabajo de la Naci\u00f3n y el gobernador de la provincia, adem\u00e1s contar con una interventora que es la doctora Romina Jovanovich.<br \/>\nUna vez que se realice el acto electoral y asuma nuevamente como secretario general el 27 de septiembre, Domecq coment\u00f3 que van a seguir trabajando en los salones de usos m\u00faltiples de ambas jurisdicciones. \u201cLa mejor manera de receptar esas necesidades es estando al lado de los compa\u00f1eros de trabajo\u201d, expres\u00f3, y agreg\u00f3: \u201cHay much\u00edsimas cosas por hacer y estamos dispuestos, tenemos un hermoso equipo con muchas ganas de trabajar para que esto realmente sea un beneficio importante para todos los trabajadores, no solamente en materia salarial, sino que tambi\u00e9n dentro del gremio\u201d, manifest\u00f3.<\/div>\n","protected":false},"excerpt":{"rendered":"<p>El secretario general Marcelo Domecq habl\u00f3 sobre el ente que regula a los trabajadores de las jurisdicciones de Contadur\u00eda y Tesorer\u00eda e inform\u00f3 c\u00f3mo se llevar\u00e1 a cabo el acto electoral en donde se elegir\u00e1n las autoridades que van a conducir los destinos del gremio. Marcelo Domecq, secretario general de la Asociaci\u00f3n Sindical de Empleados [&hellip;]<\/p>\n","protected":false},"author":1,"featured_media":26125,"comment_status":"closed","ping_status":"closed","sticky":false,"template":"","format":"standard","meta":{"footnotes":""},"categories":[6],"tags":[],"class_list":{"0":"post-26124","1":"post","2":"type-post","3":"status-publish","4":"format-standard","5":"has-post-thumbnail","7":"category-chaco"},"_links":{"self":[{"href":"https:\/\/chacosintesis.com.ar\/index.php\/wp-json\/wp\/v2\/posts\/26124","targetHints":{"allow":["GET"]}}],"collection":[{"href":"https:\/\/chacosintesis.com.ar\/index.php\/wp-json\/wp\/v2\/posts"}],"about":[{"href":"https:\/\/chacosintesis.com.ar\/index.php\/wp-json\/wp\/v2\/types\/post"}],"author":[{"embeddable":true,"href":"https:\/\/chacosintesis.com.ar\/index.php\/wp-json\/wp\/v2\/users\/1"}],"replies":[{"embeddable":true,"href":"https:\/\/chacosintesis.com.ar\/index.php\/wp-json\/wp\/v2\/comments?post=26124"}],"version-history":[{"count":0,"href":"https:\/\/chacosintesis.com.ar\/index.php\/wp-json\/wp\/v2\/posts\/26124\/revisions"}],"wp:featuredmedia":[{"embeddable":true,"href":"https:\/\/chacosintesis.com.ar\/index.php\/wp-json\/wp\/v2\/media\/26125"}],"wp:attachment":[{"href":"https:\/\/chacosintesis.com.ar\/index.php\/wp-json\/wp\/v2\/media?parent=26124"}],"wp:term":[{"taxonomy":"category","embeddable":true,"href":"https:\/\/chacosintesis.com.ar\/index.php\/wp-json\/wp\/v2\/categories?post=26124"},{"taxonomy":"post_tag","embeddable":true,"href":"https:\/\/chacosintesis.com.ar\/index.php\/wp-json\/wp\/v2\/tags?post=26124"}],"curies":[{"name":"wp","href":"https:\/\/api.w.org\/{rel}","templated":true}]}}