{"id":26118,"date":"2023-09-01T17:07:57","date_gmt":"2023-09-01T20:07:57","guid":{"rendered":"https:\/\/chacosintesis.com.ar\/?p=26118"},"modified":"2023-09-01T17:37:40","modified_gmt":"2023-09-01T20:37:40","slug":"arevalo-confirmo-que-se-sortearan-267-nuevas-viviendas-para-familias-de-resistencia","status":"publish","type":"post","link":"https:\/\/chacosintesis.com.ar\/index.php\/arevalo-confirmo-que-se-sortearan-267-nuevas-viviendas-para-familias-de-resistencia\/","title":{"rendered":"Ar\u00e9valo confirm\u00f3 que se sortear\u00e1n 267 nuevas viviendas para familias de Resistencia"},"content":{"rendered":"<div class=\"postie-post\">Los sorteos est\u00e1n proyectados para los  d\u00edas: 7, 14, 21 y 28 de septiembre y  tambi\u00e9n el 12 y 19 de octubre. \u201cRetomamos los sorteos de viviendas en Resistencia, es lo que quer\u00edamos lograr con nuestra gesti\u00f3n, ya que hace 15 a\u00f1os esto no suced\u00eda en la ciudad\u201d, remarc\u00f3 Ar\u00e9valo.<br \/>\nEl presidente del Instituto de Desarrollo Urbano y Vivienda (Ipduv) y candidato a intendente por el Frente Chaque\u00f1o, Diego Ar\u00e9valo confirm\u00f3 que la agenda de los sorteos de viviendas ya est\u00e1 definida. Se efectuar\u00e1n los d\u00edas 7, 14, 21 y 28 de septiembre como as\u00ed tambi\u00e9n asegur\u00f3 que se realizar\u00e1n dos m\u00e1s: el 12 y 19 de octubre. Se trata de 267 unidades habitacionales que estar\u00e1n listas para ser preadjudicadas a familias de Resistencia. \u201cRetomamos los sorteos de viviendas en Resistencia, es lo que quer\u00edamos lograr con nuestra gesti\u00f3n, ya que hace 15 a\u00f1os esto no suced\u00eda en la ciudad\u201d, remarc\u00f3.<br \/>\nLa pol\u00edtica habitacional como tambi\u00e9n la realizaci\u00f3n de los sorteos han sido uno de los puntales de la gesti\u00f3n de Diego Ar\u00e9valo. Con estas acciones, que alcanzaron a casi todos los municipios de la provincia con obras hist\u00f3ricas y bajo diferentes modalidades.<br \/>\nActualmente en cada sorteo se abarca a distintos sectores de la sociedad con la asignaci\u00f3n de cupos dirigidos a cada uno de ellos, incluido el destinado a personas con discapacidad.<br \/>\nCabe recordar que cada sorteo involucra siempre a todos los inscriptos en el padr\u00f3n general con el que cuenta el Ipduv. Por ello, el titular insta a que con tiempo puedan realizar su inscripci\u00f3n a los sorteos.<br \/>\nPara m\u00e1s informaci\u00f3n, los interesados pueden recurrir a la p\u00e1gina del Ipduv: ipduv.chaco.gob.ar\/sorteos\/ o bien en instagram: diegoarevalo-ok.<br \/>\nDar respuesta a la demanda habitacional y generar puestos de trabajo<\/p>\n<p>\u201cLa construcci\u00f3n de viviendas no s\u00f3lo ha dado respuestas a la demanda habitacional existente, sino que tambi\u00e9n ha sido clave para sostener el ritmo de mano de obra y puestos de trabajo\u201d, remarc\u00f3 Diego Ar\u00e9valo. Tambi\u00e9n asever\u00f3 que mantiene activo el movimiento de la rueda econ\u00f3mica con la compra de insumos, bienes y materiales.<br \/>\nLos nuevos sorteos,sumados a los que se han venido realizando en este \u00faltimo tiempo llegan a casi 70 en toda la provincia. En Resistencia ya se hicieron dos destinados a los ex titulares sorteados del ex proyecto CARAGUATA y otros dos para inscriptos hace m\u00e1s de 10 a\u00f1os. Adem\u00e1s es importante destacar que por un periodo de 15 a\u00f1os no hab\u00edan sorteos en la ciudad. Con la actual gesti\u00f3n, el Ipduv logr\u00f3 impulsar los nuevos sorteos de viviendas estatales para las familias resistencianas.<br \/>\nEl presidente del organismo provincial mencion\u00f3 que m\u00e1s adelante se informar\u00e1 el lugar donde se llevar\u00e1n a cabo los sorteos y los horarios en que se realizar\u00e1n, para quienes quieran asistir.<br \/>\n\u201cCada sorteo es p\u00fablico, es la marca distintiva de nuestra gesti\u00f3n, porque consideramos que la comunidad debe corroborar que los procesos de asignaci\u00f3n de las viviendas estatales son a trav\u00e9s de un mecanismo transparente que otorga igualdad de oportunidades\u201d, se\u00f1al\u00f3 Diego Ar\u00e9valo.<\/p><\/div>\n","protected":false},"excerpt":{"rendered":"<p>Los sorteos est\u00e1n proyectados para los d\u00edas: 7, 14, 21 y 28 de septiembre y tambi\u00e9n el 12 y 19 de octubre. \u201cRetomamos los sorteos de viviendas en Resistencia, es lo que quer\u00edamos lograr con nuestra gesti\u00f3n, ya que hace 15 a\u00f1os esto no suced\u00eda en la ciudad\u201d, remarc\u00f3 Ar\u00e9valo. El presidente del Instituto de [&hellip;]<\/p>\n","protected":false},"author":1,"featured_media":26119,"comment_status":"closed","ping_status":"closed","sticky":false,"template":"","format":"standard","meta":{"footnotes":""},"categories":[6],"tags":[],"class_list":{"0":"post-26118","1":"post","2":"type-post","3":"status-publish","4":"format-standard","5":"has-post-thumbnail","7":"category-chaco"},"_links":{"self":[{"href":"https:\/\/chacosintesis.com.ar\/index.php\/wp-json\/wp\/v2\/posts\/26118","targetHints":{"allow":["GET"]}}],"collection":[{"href":"https:\/\/chacosintesis.com.ar\/index.php\/wp-json\/wp\/v2\/posts"}],"about":[{"href":"https:\/\/chacosintesis.com.ar\/index.php\/wp-json\/wp\/v2\/types\/post"}],"author":[{"embeddable":true,"href":"https:\/\/chacosintesis.com.ar\/index.php\/wp-json\/wp\/v2\/users\/1"}],"replies":[{"embeddable":true,"href":"https:\/\/chacosintesis.com.ar\/index.php\/wp-json\/wp\/v2\/comments?post=26118"}],"version-history":[{"count":0,"href":"https:\/\/chacosintesis.com.ar\/index.php\/wp-json\/wp\/v2\/posts\/26118\/revisions"}],"wp:featuredmedia":[{"embeddable":true,"href":"https:\/\/chacosintesis.com.ar\/index.php\/wp-json\/wp\/v2\/media\/26119"}],"wp:attachment":[{"href":"https:\/\/chacosintesis.com.ar\/index.php\/wp-json\/wp\/v2\/media?parent=26118"}],"wp:term":[{"taxonomy":"category","embeddable":true,"href":"https:\/\/chacosintesis.com.ar\/index.php\/wp-json\/wp\/v2\/categories?post=26118"},{"taxonomy":"post_tag","embeddable":true,"href":"https:\/\/chacosintesis.com.ar\/index.php\/wp-json\/wp\/v2\/tags?post=26118"}],"curies":[{"name":"wp","href":"https:\/\/api.w.org\/{rel}","templated":true}]}}