{"id":26110,"date":"2023-09-01T13:01:52","date_gmt":"2023-09-01T16:01:52","guid":{"rendered":"https:\/\/chacosintesis.com.ar\/?p=26110"},"modified":"2023-09-01T13:06:53","modified_gmt":"2023-09-01T16:06:53","slug":"vuelve-el-automovilismo-zonal-a-saenz-pena-este-fin-de-semana","status":"publish","type":"post","link":"https:\/\/chacosintesis.com.ar\/index.php\/vuelve-el-automovilismo-zonal-a-saenz-pena-este-fin-de-semana\/","title":{"rendered":"Vuelve el automovilismo zonal a S\u00e1enz Pe\u00f1a este fin de semana"},"content":{"rendered":"<div class=\"postie-post\">La Quinta fecha del campeonato, que se llamar\u00e1 Gran Premio \u201cFIBRAS SRL\u201d, se llevar\u00e1 a cabo el 2 y 3 de septiembre en el aut\u00f3dromo del Club APICH ubicado frente al Parque Industrial de la Ciudad Termal sobre Ruta 16.<\/p>\n<p>A pedido del p\u00fablico, de los pilotos y dado el \u00e9xito que fue la cuarta fecha, la Federaci\u00f3n de Automovilismo le solicit\u00f3 al Club APICH organizar la quinta fecha del campeonato, a lo que la dirigencia del aut\u00f3dromo accedi\u00f3 con gusto la para que la misma se lleve a cabo el 2 y 3 de septiembre.<\/p>\n<p>Con el acompa\u00f1amiento de la municipalidad de S\u00e1enz Pe\u00f1a, como lo hab\u00eda anunciado el intendente Bruno Cipolini, que apoyar\u00e1 y acompa\u00f1ar\u00e1 dicho evento como ya lo hiciera en agosto para que la fecha se lleve a cabo. En el mismo sentido confirm\u00f3 los trabajos en pista el ingeniero de Vialidad Provincial Marcelo Gim\u00e9nez.<\/p>\n<p> El presidente del club APICH, Edgardo Reguera, ya hab\u00eda confirmado oportunamente la quinta fecha, y expres\u00f3 que se siente un gran entusiasmo en el publico y en los equipos de carreras como en los pilotos para repetir el escenario en S\u00e1enz Pe\u00f1a, ya que hace 5 a\u00f1os no corr\u00edan y la fecha anterior fue un \u00e9xito.<\/p>\n<p>\u201cCreemos que en esta quinta fecha el p\u00fablico acompa\u00f1ar\u00e1 y tendremos record de inscriptos para competir en pista unos 70 aproximadamente. El p\u00fablico y los equipos nos ped\u00edan al club al intendente y a vialidad que hagamos una fecha m\u00e1s de despedida antes que venga la obra del aut\u00f3dromo asfaltado que venimos esperando hace tiempo\u201d, sostuvo.<\/p>\n<p> En esa misma l\u00ednea coment\u00f3 que el aut\u00f3dromo de S\u00e1enz Pe\u00f1a dej\u00f3 demostrado que est\u00e1 apto para concretar la obra y recibir categor\u00edas nacionales. El p\u00fablico saenzpe\u00f1ense y el chaque\u00f1o as\u00ed lo dej\u00f3 ver en la cuarta fecha, colmando el predio convirtiendo dicho evento en una fiesta del deporte motor.<\/p>\n<p> Las entradas generales nuevamente tendr\u00e1n un valor de $ 1.000 y se podr\u00e1n adquirir el 2 y 3 de septiembre en el ingreso al aut\u00f3dromo.<\/p><\/div>\n","protected":false},"excerpt":{"rendered":"<p>La Quinta fecha del campeonato, que se llamar\u00e1 Gran Premio \u201cFIBRAS SRL\u201d, se llevar\u00e1 a cabo el 2 y 3 de septiembre en el aut\u00f3dromo del Club APICH ubicado frente al Parque Industrial de la Ciudad Termal sobre Ruta 16. A pedido del p\u00fablico, de los pilotos y dado el \u00e9xito que fue la cuarta [&hellip;]<\/p>\n","protected":false},"author":1,"featured_media":26111,"comment_status":"closed","ping_status":"closed","sticky":false,"template":"","format":"standard","meta":{"footnotes":""},"categories":[6],"tags":[],"class_list":{"0":"post-26110","1":"post","2":"type-post","3":"status-publish","4":"format-standard","5":"has-post-thumbnail","7":"category-chaco"},"_links":{"self":[{"href":"https:\/\/chacosintesis.com.ar\/index.php\/wp-json\/wp\/v2\/posts\/26110","targetHints":{"allow":["GET"]}}],"collection":[{"href":"https:\/\/chacosintesis.com.ar\/index.php\/wp-json\/wp\/v2\/posts"}],"about":[{"href":"https:\/\/chacosintesis.com.ar\/index.php\/wp-json\/wp\/v2\/types\/post"}],"author":[{"embeddable":true,"href":"https:\/\/chacosintesis.com.ar\/index.php\/wp-json\/wp\/v2\/users\/1"}],"replies":[{"embeddable":true,"href":"https:\/\/chacosintesis.com.ar\/index.php\/wp-json\/wp\/v2\/comments?post=26110"}],"version-history":[{"count":0,"href":"https:\/\/chacosintesis.com.ar\/index.php\/wp-json\/wp\/v2\/posts\/26110\/revisions"}],"wp:featuredmedia":[{"embeddable":true,"href":"https:\/\/chacosintesis.com.ar\/index.php\/wp-json\/wp\/v2\/media\/26111"}],"wp:attachment":[{"href":"https:\/\/chacosintesis.com.ar\/index.php\/wp-json\/wp\/v2\/media?parent=26110"}],"wp:term":[{"taxonomy":"category","embeddable":true,"href":"https:\/\/chacosintesis.com.ar\/index.php\/wp-json\/wp\/v2\/categories?post=26110"},{"taxonomy":"post_tag","embeddable":true,"href":"https:\/\/chacosintesis.com.ar\/index.php\/wp-json\/wp\/v2\/tags?post=26110"}],"curies":[{"name":"wp","href":"https:\/\/api.w.org\/{rel}","templated":true}]}}