{"id":26108,"date":"2023-09-01T08:11:56","date_gmt":"2023-09-01T11:11:56","guid":{"rendered":"https:\/\/chacosintesis.com.ar\/?p=26108"},"modified":"2023-09-01T08:36:49","modified_gmt":"2023-09-01T11:36:49","slug":"leer-en-democracia-comenzo-la-feria-iberoamericana-del-libro-chaco-2023-2","status":"publish","type":"post","link":"https:\/\/chacosintesis.com.ar\/index.php\/leer-en-democracia-comenzo-la-feria-iberoamericana-del-libro-chaco-2023-2\/","title":{"rendered":"&#8220;Leer en Democracia\u201d: comenz\u00f3 la Feria Iberoamericana del Libro Chaco 2023"},"content":{"rendered":"<div class=\"postie-post\">El gobernador Jorge Capitanich acompa\u00f1\u00f3 la apertura del evento que se realizar\u00e1 hasta el 10 de septiembre y reunir\u00e1 a autores y autoras de la regi\u00f3n en el Domo del Centenario. Se ofrecer\u00e1n libros con 50 por ciento de descuento y habr\u00e1 charlas, talleres, espect\u00e1culos musicales y el 4\u00b0 Festival de Poes\u00eda.<\/p>\n<p>El gobernador Jorge Capitanich acompa\u00f1\u00f3 este jueves la apertura de la Feria Iberoamericana del Libro (FIL) 2023 \u201cLeer en democracia\u201d, que se llevar\u00e1 a cabo hasta el 10 de septiembre en el Domo del Centenario de Resistencia. El evento contar\u00e1 con diversas actividades que van desde presentaciones de libros, rondas de lectura, talleres, hasta espect\u00e1culos de m\u00fasica y poes\u00eda.<br \/>\n\u201cLeer es conocer, so\u00f1ar, contemplar, y un acto imprescindible para tiempos de conflictos o de crisis, porque ayuda a transformar la realidad. Por lo tanto, hoy m\u00e1s que nunca la lectura es important\u00edsima para entender e interpretar nuestro presente\u201d, reflexion\u00f3 el mandatario.<br \/>\nCon entrada libre y gratuita, la feria cuenta con libros al 50 por ciento de su valor, una pol\u00edtica p\u00fablica que funciona como incentivo para la industria editorial y a la vez impulsa el acceso a la lectura.<br \/>\nEn esta edici\u00f3n participar\u00e1n Editorial y Librer\u00eda Contexto, Librer\u00eda y Papeler\u00eda Casa Garc\u00eda, Ediciones Paulinas, Librer\u00eda Las Ca\u00f1itas, Librer\u00eda El \u00c1rbol Amarillo, Editorial Eudene \u2013 UNNE, Editorial Literatura Tropical, Editorial Uncaus, Librer\u00eda y Editorial De La Paz y Milka Libros.<br \/>\n \u201cEsta decisi\u00f3n de ofrecer libros al 50 por ciento permite una mayor accesibilidad a la lectura\u201d, remarc\u00f3 el gobernador, a la vez que record\u00f3 que la lectura mantiene una posici\u00f3n de privilegio en el dise\u00f1o de pol\u00edticas p\u00fablicas. \u201cDurante nuestras administraciones vamos a llegar a un total de 10 millones de libros entregados, lo que forma parte de una pol\u00edtica local que se alinea a la nacional\u201d, sostuvo.<br \/>\nEn cuanto a escritoras y escritores de reconocida trayectoria, estar\u00e1n presentes personalidades como Mart\u00edn Kohan, Mariano Quir\u00f3s, Claudia Masin, Esther Cross, Betina Gonz\u00e1lez, Mar\u00eda Rosa Lojo, Delfina Pignatiello, Mart\u00edn Castagnett, Paula Puebla, Miguel \u00c1ngel Molfino, Michel Nieva, Humphrey Inzillo, Ernesto Gallo, Miguel Gaya, Leonardo Gentile, el colectivo Literatura Tropical, Charco Poes\u00eda, entre muchos otros artistas locales y regionales.<br \/>\nAdem\u00e1s, en el cierre de esta edici\u00f3n 2023 estar\u00e1 la reconocida escritora Flor Freijo, quien dar\u00e1 la conferencia \u201cDe Maleducadas a Decididas. Di\u00e1logos urgentes para encontrarnos como sociedad\u201d.<\/p>\n<p>A modo de cierre del acto inaugural, Capitanich remarc\u00f3 que \u201cla lectura permite la sensibilidad m\u00e1s profunda de la persona humana, desde la poes\u00eda hasta la agudizaci\u00f3n del pensamiento por un libro cient\u00edfico. Y esta feria nos entrega todas esas posibilidades, para poder disfrutar de la mejor manera el acto de leer. Por eso, invito a todos y todas a formar parte de este evento \u00fanico para la provincia\u201d.<br \/>\nTeniendo como antecedente la Feria del Libro Chaco 2022, en la que asistieron m\u00e1s de 100.000 mil personas y que cont\u00f3 con m\u00e1s de 200 actividades presenciales y virtuales, esta edici\u00f3n promete avanzar en la promoci\u00f3n del libro y la lectura. As\u00ed, garantizar\u00e1 la lectura como un derecho y una herramienta de inclusi\u00f3n y vinculando a las industrias culturales como un engranaje m\u00e1s de la econom\u00eda local.<br \/>\nEstuvieron presentes durante el acto de apertura el ministro de Educaci\u00f3n, Cultura, Ciencia y Tecnolog\u00eda, Aldo Lineras; el presidente del Instituto de Cultura, Francisco Romero; el presidente de la Fundaci\u00f3n del Libro y la Cultura, Rub\u00e9n Duk; los diputados provinciales Luis Obeid y Mariela Quir\u00f3s; y el escritor chaque\u00f1o, Mariano Quir\u00f3s.<\/p>\n<p>Festival de Poes\u00eda y n\u00fameros musicales<\/p>\n<p>A su vez, se llevar\u00e1 a cabo el 4\u00b0 Festival de Poes\u00eda, curado por la poeta chaque\u00f1a Claudia Masin y coordinado por Maia Bradford. All\u00ed, estar\u00e1n presentes Robin Myers (EEUU), Daniel Lipara (Buenos Aires), Mariana Vacs (Rosario), Flor L\u00f3pez (C\u00f3rdoba), Alicia Genovese (Buenos Aires), Mar\u00eda Bak\u00fan, Daiana V\u00e1zquez, Mar\u00eda Elena Romero, Mario Caparra, \u00c1ngelo Vara Dadone, Fabi\u00e1n Yausaz, Evelin Bochle, Estefan\u00eda Ceballos, Lara Schaefer y Franco Rivero.<br \/>\nLa FIL tambi\u00e9n contar\u00e1 con una amplia agenda art\u00edstica que incluye a figuras relevantes del ambiente musical como Feli Colina, Viento Norte, Bailunga, Negroovs, Algo al Spiedo, Luli Maidana, La Fuegah, Naave (Formosa), Purahei Soul, Sol G\u00f3mez (Paraguay), Gast\u00f3n Nakazato (Misiones) y Tajy (Corrientes), entre otros. Mientras tanto, el cierre quedar\u00e1 en manos de La Bomba de Tiempo.<\/p>\n<p>Francisco Romero: \u201choy m\u00e1s que nunca leer representa un acto de rebeld\u00eda\u201d<\/p>\n<p>Por su parte, el presidente del Instituto de Cultura, Francisco Romero, puso en valor la feria destacando que Chaco \u201ces la cuarta provincia con mayor cantidad de librer\u00edas y editoriales pensando en una proporcionalidad con nuestros habitantes\u201d.<br \/>\nAdem\u00e1s, tambi\u00e9n se refiri\u00f3 al lema que acompa\u00f1a esta edici\u00f3n, sosteniendo que \u201choy m\u00e1s que nunca leer representa un acto de rebeld\u00eda, porque no hay mayor ejercicio de la libertad que no depender de nadie, y esa autonom\u00eda se adquiere leyendo\u201d.<br \/>\nFinalmente, el presidente de la Fundaci\u00f3n del Libro y la Cultura, Rub\u00e9n Duk, hizo hincapi\u00e9 en la oferta de libros al 50 por ciento: \u201chace un tiempo tuvimos una reuni\u00f3n con el Ministerio de Econom\u00eda, y todos los libreros solicitamos este mismo pedido, porque entendemos que es una decisi\u00f3n pol\u00edtica que permite garantizar el derecho a la lectura. Somos la \u00fanica provincia que tiene un beneficio as\u00ed, as\u00ed que agradecemos al Gobierno por este apoyo\u201d.<\/p>\n<p>Invitaciones especiales para las escuelas<\/p>\n<p>Como parte de las pol\u00edticas p\u00fablicas de fomento del libro y la lectura, el Ministerio de Educaci\u00f3n, Cultura, Ciencia y Tecnolog\u00eda coordina acciones para que distintos establecimientos educativos puedan acercarse al Domo del Centenario y tomar contacto con la Feria.<br \/>\nAs\u00ed, el Domo con su amplia capacidad permitir\u00e1 la visita de estudiantes de diferentes instituciones, por la ma\u00f1ana y en el horario de la siesta, para la realizaci\u00f3n de distintas actividades, que incluyen encuentros y rondas de textos con los Clubes de Lecturas de escuelas primarias y secundarias.<br \/>\nLa FIL es un acontecimiento cultural que cuenta con m\u00e1s de 15 a\u00f1os de trayectoria en la provincia, que por su naturaleza contempla la diversidad de voces, relatos y expresiones que caracterizan al pueblo chaque\u00f1o, poniendo en valor el trabajo de nuestras y nuestros autores, investigadores, docentes y periodistas locales. Adem\u00e1s, promueve espacios de formaci\u00f3n y capacitaci\u00f3n tanto para editores como para libreros de la regi\u00f3n.<\/p><\/div>\n","protected":false},"excerpt":{"rendered":"<p>El gobernador Jorge Capitanich acompa\u00f1\u00f3 la apertura del evento que se realizar\u00e1 hasta el 10 de septiembre y reunir\u00e1 a autores y autoras de la regi\u00f3n en el Domo del Centenario. Se ofrecer\u00e1n libros con 50 por ciento de descuento y habr\u00e1 charlas, talleres, espect\u00e1culos musicales y el 4\u00b0 Festival de Poes\u00eda. El gobernador Jorge [&hellip;]<\/p>\n","protected":false},"author":1,"featured_media":26109,"comment_status":"closed","ping_status":"closed","sticky":false,"template":"","format":"standard","meta":{"footnotes":""},"categories":[6],"tags":[],"class_list":{"0":"post-26108","1":"post","2":"type-post","3":"status-publish","4":"format-standard","5":"has-post-thumbnail","7":"category-chaco"},"_links":{"self":[{"href":"https:\/\/chacosintesis.com.ar\/index.php\/wp-json\/wp\/v2\/posts\/26108","targetHints":{"allow":["GET"]}}],"collection":[{"href":"https:\/\/chacosintesis.com.ar\/index.php\/wp-json\/wp\/v2\/posts"}],"about":[{"href":"https:\/\/chacosintesis.com.ar\/index.php\/wp-json\/wp\/v2\/types\/post"}],"author":[{"embeddable":true,"href":"https:\/\/chacosintesis.com.ar\/index.php\/wp-json\/wp\/v2\/users\/1"}],"replies":[{"embeddable":true,"href":"https:\/\/chacosintesis.com.ar\/index.php\/wp-json\/wp\/v2\/comments?post=26108"}],"version-history":[{"count":0,"href":"https:\/\/chacosintesis.com.ar\/index.php\/wp-json\/wp\/v2\/posts\/26108\/revisions"}],"wp:featuredmedia":[{"embeddable":true,"href":"https:\/\/chacosintesis.com.ar\/index.php\/wp-json\/wp\/v2\/media\/26109"}],"wp:attachment":[{"href":"https:\/\/chacosintesis.com.ar\/index.php\/wp-json\/wp\/v2\/media?parent=26108"}],"wp:term":[{"taxonomy":"category","embeddable":true,"href":"https:\/\/chacosintesis.com.ar\/index.php\/wp-json\/wp\/v2\/categories?post=26108"},{"taxonomy":"post_tag","embeddable":true,"href":"https:\/\/chacosintesis.com.ar\/index.php\/wp-json\/wp\/v2\/tags?post=26108"}],"curies":[{"name":"wp","href":"https:\/\/api.w.org\/{rel}","templated":true}]}}