{"id":26106,"date":"2023-09-01T08:09:54","date_gmt":"2023-09-01T11:09:54","guid":{"rendered":"https:\/\/chacosintesis.com.ar\/?p=26106"},"modified":"2023-09-01T08:36:44","modified_gmt":"2023-09-01T11:36:44","slug":"el-partido-politico-nos-chaco-apoya-a-leandro-zdero-para-la-gobernacion","status":"publish","type":"post","link":"https:\/\/chacosintesis.com.ar\/index.php\/el-partido-politico-nos-chaco-apoya-a-leandro-zdero-para-la-gobernacion\/","title":{"rendered":"El partido Pol\u00edtico Nos Chaco, apoya a Leandro Zdero para la gobernaci\u00f3n"},"content":{"rendered":"<div class=\"postie-post\">Dar\u00edo Ca\u00f1ete, presidente del Partido pol\u00edtico NOS Chaco, manifest\u00f3 su acompa\u00f1amiento a la candidatura de Leandro Zdero para la gobernaci\u00f3n del Chaco, de cara a las elecciones generales del pr\u00f3ximo 17 de septiembre. \u201cExpresamos todo nuestro apoyo a Leandro, somos un partido que defiende la vida, los valores y la familia. Lo vemos a \u00e9l, como el candidato que nos representa y entendemos, desde nuestro espacio, que podemos sumarnos para lograr el Chaco que todos queremos\u201d.<br \/>\nEl nombre del partido NOS, evoca a la primera palabra del Pre\u00e1mbulo de la Constituci\u00f3n Argentina y como espacio, mantuvieron una reuni\u00f3n con Leandro Zdero, en la ciudad de Resistencia, para expresar p\u00fablicamente su apoyo en los comicios generales. \u201cImpulsamos pol\u00edticas vinculadas en defensa de la vida, de las personas, de la familia y tambi\u00e9n sobre pol\u00edticas de seguridad, como el combate al narcotr\u00e1fico que tanto afecta a miles de chaque\u00f1os\u201d.<br \/>\nPor \u00faltimo, Ca\u00f1ete, acompa\u00f1ado por Daniel Osorio y Agust\u00edn Silva, tambi\u00e9n integrantes del partido NOS, remarc\u00f3: \u201cEstamos agradecidos con Leandro por poder sumarnos y por darnos la posibilidad de brindar nuestras propuestas respecto a pol\u00edticas de educaci\u00f3n, salud y seguridad; creemos que el Chaco necesita un cambio de rumbo para que la calidad de vida de las personas mejore y podamos, entre todos, lograr una provincia de futuro para todos\u201d.<\/div>\n","protected":false},"excerpt":{"rendered":"<p>Dar\u00edo Ca\u00f1ete, presidente del Partido pol\u00edtico NOS Chaco, manifest\u00f3 su acompa\u00f1amiento a la candidatura de Leandro Zdero para la gobernaci\u00f3n del Chaco, de cara a las elecciones generales del pr\u00f3ximo 17 de septiembre. \u201cExpresamos todo nuestro apoyo a Leandro, somos un partido que defiende la vida, los valores y la familia. Lo vemos a \u00e9l, [&hellip;]<\/p>\n","protected":false},"author":1,"featured_media":26107,"comment_status":"closed","ping_status":"closed","sticky":false,"template":"","format":"standard","meta":{"footnotes":""},"categories":[6],"tags":[],"class_list":{"0":"post-26106","1":"post","2":"type-post","3":"status-publish","4":"format-standard","5":"has-post-thumbnail","7":"category-chaco"},"_links":{"self":[{"href":"https:\/\/chacosintesis.com.ar\/index.php\/wp-json\/wp\/v2\/posts\/26106","targetHints":{"allow":["GET"]}}],"collection":[{"href":"https:\/\/chacosintesis.com.ar\/index.php\/wp-json\/wp\/v2\/posts"}],"about":[{"href":"https:\/\/chacosintesis.com.ar\/index.php\/wp-json\/wp\/v2\/types\/post"}],"author":[{"embeddable":true,"href":"https:\/\/chacosintesis.com.ar\/index.php\/wp-json\/wp\/v2\/users\/1"}],"replies":[{"embeddable":true,"href":"https:\/\/chacosintesis.com.ar\/index.php\/wp-json\/wp\/v2\/comments?post=26106"}],"version-history":[{"count":0,"href":"https:\/\/chacosintesis.com.ar\/index.php\/wp-json\/wp\/v2\/posts\/26106\/revisions"}],"wp:featuredmedia":[{"embeddable":true,"href":"https:\/\/chacosintesis.com.ar\/index.php\/wp-json\/wp\/v2\/media\/26107"}],"wp:attachment":[{"href":"https:\/\/chacosintesis.com.ar\/index.php\/wp-json\/wp\/v2\/media?parent=26106"}],"wp:term":[{"taxonomy":"category","embeddable":true,"href":"https:\/\/chacosintesis.com.ar\/index.php\/wp-json\/wp\/v2\/categories?post=26106"},{"taxonomy":"post_tag","embeddable":true,"href":"https:\/\/chacosintesis.com.ar\/index.php\/wp-json\/wp\/v2\/tags?post=26106"}],"curies":[{"name":"wp","href":"https:\/\/api.w.org\/{rel}","templated":true}]}}