{"id":26104,"date":"2023-09-01T08:01:08","date_gmt":"2023-09-01T11:01:08","guid":{"rendered":"https:\/\/chacosintesis.com.ar\/?p=26104"},"modified":"2023-09-01T08:07:05","modified_gmt":"2023-09-01T11:07:05","slug":"saenz-pena-repartidor-es-victima-de-un-violento-robo-a-mano-armada-de-3-millones-de-pesos","status":"publish","type":"post","link":"https:\/\/chacosintesis.com.ar\/index.php\/saenz-pena-repartidor-es-victima-de-un-violento-robo-a-mano-armada-de-3-millones-de-pesos\/","title":{"rendered":"S\u00e1enz Pe\u00f1a: Repartidor es v\u00edctima de un violento robo a mano armada de 3 millones de pesos"},"content":{"rendered":"<div class=\"postie-post\">Un repartidor fue v\u00edctima de un violento robo a mano armada en S\u00e1enz Pe\u00f1a. El incidente ocurri\u00f3 cuando un joven de 27 a\u00f1os, empleado de una distribuidora, se dirig\u00eda desde Tres Isletas hacia S\u00e1enz Pe\u00f1a y fue sorprendido por dos delincuentes que le arrebataron la recaudaci\u00f3n.<\/p>\n<p>La v\u00edctima busc\u00f3 ayuda acerc\u00e1ndose a una patrulla vial ubicada en la Ruta 95. Seg\u00fan su relato, mientras transitaba por la mencionada ruta en su autom\u00f3vil Citro\u00ebn C4 y se encontraba a unos 20 km de S\u00e1enz Pe\u00f1a, fue abordado por una camioneta Toyota Hilux blanca, de cabina simple y sin dominio visible. Dos individuos armados descendieron del veh\u00edculo y lo obligaron a detenerse. Acto seguido, le sustrajeron una suma aproximada de $3.000.000 en billetes de diferentes denominaciones. El dinero robado correspond\u00eda a la recaudaci\u00f3n de la &#8220;Distribuidora Romi&#8221; con sede en la ciudad de Tres Isletas.<br \/>\nLuego de perpetrar el robo, los delincuentes abandonaron al repartidor en el lugar, cerraron las puertas de su veh\u00edculo y se llevaron consigo las llaves. Ante este grave suceso, se activ\u00f3 un protocolo cerrojo y se emitieron avisos m\u00f3viles jurisdiccionales con el fin de localizar e identificar a los ocupantes de la camioneta Toyota Hilux blanca.<br \/>\n Las autoridades han tomado medidas para esclarecer el caso y capturar a los responsables del violento robo. Mientras tanto, el repartidor afectado se encuentra en estado de shock por el traum\u00e1tico suceso sufrido durante el cumplimiento de sus labores.<\/p>\n<p> DIARIO CHACO.-<\/p>\n<\/div>\n","protected":false},"excerpt":{"rendered":"<p>Un repartidor fue v\u00edctima de un violento robo a mano armada en S\u00e1enz Pe\u00f1a. El incidente ocurri\u00f3 cuando un joven de 27 a\u00f1os, empleado de una distribuidora, se dirig\u00eda desde Tres Isletas hacia S\u00e1enz Pe\u00f1a y fue sorprendido por dos delincuentes que le arrebataron la recaudaci\u00f3n. La v\u00edctima busc\u00f3 ayuda acerc\u00e1ndose a una patrulla vial [&hellip;]<\/p>\n","protected":false},"author":1,"featured_media":26105,"comment_status":"closed","ping_status":"closed","sticky":false,"template":"","format":"standard","meta":{"footnotes":""},"categories":[6],"tags":[197],"class_list":{"0":"post-26104","1":"post","2":"type-post","3":"status-publish","4":"format-standard","5":"has-post-thumbnail","7":"category-chaco","8":"tag-destacada"},"_links":{"self":[{"href":"https:\/\/chacosintesis.com.ar\/index.php\/wp-json\/wp\/v2\/posts\/26104","targetHints":{"allow":["GET"]}}],"collection":[{"href":"https:\/\/chacosintesis.com.ar\/index.php\/wp-json\/wp\/v2\/posts"}],"about":[{"href":"https:\/\/chacosintesis.com.ar\/index.php\/wp-json\/wp\/v2\/types\/post"}],"author":[{"embeddable":true,"href":"https:\/\/chacosintesis.com.ar\/index.php\/wp-json\/wp\/v2\/users\/1"}],"replies":[{"embeddable":true,"href":"https:\/\/chacosintesis.com.ar\/index.php\/wp-json\/wp\/v2\/comments?post=26104"}],"version-history":[{"count":0,"href":"https:\/\/chacosintesis.com.ar\/index.php\/wp-json\/wp\/v2\/posts\/26104\/revisions"}],"wp:featuredmedia":[{"embeddable":true,"href":"https:\/\/chacosintesis.com.ar\/index.php\/wp-json\/wp\/v2\/media\/26105"}],"wp:attachment":[{"href":"https:\/\/chacosintesis.com.ar\/index.php\/wp-json\/wp\/v2\/media?parent=26104"}],"wp:term":[{"taxonomy":"category","embeddable":true,"href":"https:\/\/chacosintesis.com.ar\/index.php\/wp-json\/wp\/v2\/categories?post=26104"},{"taxonomy":"post_tag","embeddable":true,"href":"https:\/\/chacosintesis.com.ar\/index.php\/wp-json\/wp\/v2\/tags?post=26104"}],"curies":[{"name":"wp","href":"https:\/\/api.w.org\/{rel}","templated":true}]}}