{"id":26098,"date":"2023-08-31T23:42:17","date_gmt":"2023-09-01T02:42:17","guid":{"rendered":"https:\/\/chacosintesis.com.ar\/?p=26098"},"modified":"2023-09-01T00:06:54","modified_gmt":"2023-09-01T03:06:54","slug":"la-fundacion-arraigo-elegida-como-la-ong-provincial-destacada-del-2023","status":"publish","type":"post","link":"https:\/\/chacosintesis.com.ar\/index.php\/la-fundacion-arraigo-elegida-como-la-ong-provincial-destacada-del-2023\/","title":{"rendered":"La Fundaci\u00f3n Arraigo, elegida como la &#8220;ONG provincial destacada del 2023&#8221;"},"content":{"rendered":"<div class=\"postie-post\">La organizaci\u00f3n de Machagai fue distinguida entre 40 propuestas presentadas de distintas localidades de la provincia y, junto a otras nueve instituciones, recibir\u00e1n est\u00edmulos econ\u00f3micos en reconocimiento por sus labores comunitarias y solidarias.<br \/>\nEn el marco del D\u00eda Provincial de las ONG y como cada 31 de agosto por Ley 1257-E, este jueves la vicegobernadora Anal\u00eda Rach Quiroga, la ministra de Desarrollo Social, Mar\u00eda P\u00eda Chiacchio Cavana, y la subsecretaria de Participaci\u00f3n Ciudadana, Susana Ram\u00edrez, acompa\u00f1aron la entrega de reconocimientos a 10 organizaciones de la sociedad civil, entre ellas a la Destacada del A\u00f1o 2023: Fundaci\u00f3n Arraigo de Machagai.<br \/>\nEn esta misma fecha se celebra el D\u00eda Internacional de la Solidaridad. El acto de reconocimiento se efectu\u00f3 en la Casa de las Culturas de Resistencia, con el objetivo de dar a conocer a las organizaciones p\u00fablicamente y promover el trabajo solidario y productivo que realizan para mejorar distintas situaciones y comunidades, como tambi\u00e9n para dar impulso a este tipo de acciones a fin de que se multipliquen en m\u00e1s localidades y beneficiando a m\u00e1s chaque\u00f1as y chaque\u00f1os.<br \/>\nLa iniciativa estuvo a cargo de la Subsecretar\u00eda de Participaci\u00f3n Ciudadana de la cartera social, se realiza desde 2003 con el objetivo de reconocer e impulsar la labor de las diversas tipolog\u00edas de las organizaciones civiles y que desarrollan sus actividades solo en el \u00e1mbito provincial.<br \/>\nDe esta forma, la comisi\u00f3n evaluadora compuesta por diputados provinciales, representantes de organizaciones, del Gobierno Provincial, fueron quienes seleccionaron a las 10 entre un total de 40 propuestas. Este a\u00f1o formaron parte: Doris Lilian Arkwright y Rodrigo Ocampo (Diputados Provinciales), Mar\u00eda Alejandra G\u00f3mez (presidenta de la Fundaci\u00f3n Ram\u00f3n Carrillo), Germ\u00e1n Cenzi (presidente de la Fundaci\u00f3n Somos Barro), Martin Gonz\u00e1lez y Gladys Blazich (representantes Facultad de Humanidades UNNE), Mar\u00eda Silvia Villavicencio (directora de Radio Nacional Resistencia), representantes del Poder Ejecutivo: Mariela Soledad Dolce (subsecretaria de Modernizaci\u00f3n del Estado), Eduardo Colombo (Subsecretario de Asuntos Registrales) y Graciela Cavana (subsecretaria de Ni\u00f1ez, Adolescencia y Familia).<br \/>\nEn el auditorio y previo a la entrega de premios, se present\u00f3 como n\u00famero art\u00edstico a cargo de la profesora Estefan\u00eda Insfr\u00e1n, el grupo de baile del Club de Adultos Mayores Abrazo Cordial, de la Ciudad de Fontana.<\/p>\n<p>Sobre la organizaci\u00f3n ganadora 2023<\/p>\n<p>El primer premio de 350.000 pesos, fue para Fundaci\u00f3n Arraigo de Machagai, que realiza desde hace muchos a\u00f1os trabajos vinculados a ruralidad, priorizando objetivos sociales y buscando que las personas que habitan el campo puedan realizarse y vivir con los recursos que las rodean arraig\u00e1ndose a la madre tierra, tanto en barrios perif\u00e9ricos, en distintos departamentos y regiones de la provincia.<br \/>\nSiempre acompa\u00f1ando a peque\u00f1os productores y colonos en el desarrollo y mejoramiento de diversos proyectos, como los relacionados con las mieles chaque\u00f1as, los hort\u00edcolas y los de productos en conservas. Otro tema abordado es la defensa y selecci\u00f3n de la semilla nativa y el mantenimiento de las variedades desde hace m\u00e1s de 40 a\u00f1os, tanto de especies como mandioca, como de ma\u00edz, zapallo, batata, melones, sand\u00eda.<br \/>\nAdem\u00e1s, trabaja acompa\u00f1ando gestiones de profesionales para vincularse con organismos con el objetivo de resolver cuestiones legales como la regularizaci\u00f3n dominial, el acceso al agua, entre otras necesarias para mejorar la calidad de vida de campesinas y campesinos. Por otro lado, por quinto a\u00f1o consecutivo dijeron presente con la vendimia y la producci\u00f3n vitivin\u00edcola que logran colonos en la zona rural de Pampa del Indio.<br \/>\nEn relaci\u00f3n al galard\u00f3n, la ministra Chiacchio Cavana reconoci\u00f3 el trabajo permanente que hacen en el territorio las organizaciones de la sociedad civil en toda la provincia: \u201cEncontramos enorme satisfacci\u00f3n en estos reconocimientos  realizados por la comisi\u00f3n evaluadora, en especial por la merecida premiaci\u00f3n para esta Fundaci\u00f3n de Machagai, ya que es importante galardonar este tipo de labores comunitarias y sociales en los barrios alejados de las zonas urbanas, en las zonas rurales, en beneficio de aquellas y aquellos emprendedores y productores rurales que buscan realizarse a trav\u00e9s de su v\u00ednculo con la tierra\u201d, dijo.<br \/>\nEn la misma l\u00ednea, sigui\u00f3: \u201cDesde un Estado presente acompa\u00f1amos el fuerte compromiso social que llevan a cabo, logrando que las personas que habitan en el campo puedan trabajar con mejores recursos\u201d.<br \/>\nPor \u00faltimo, la ministra record\u00f3 que \u201ccada organizaci\u00f3n del tercer sector es fundamental para el funcionamiento de la gran red solidaria de contenci\u00f3n y protecci\u00f3n de derechos, son parte del sensor para que podamos impulsar pol\u00edticas p\u00fablicas inclusivas y tener una sociedad m\u00e1s equitativa para todas y todos\u201d, finaliz\u00f3.<\/p>\n<p>M\u00e1s reconocimientos de 2023<\/p>\n<p>El 2\u00b0 premio de $250.000 fue para la Fundaci\u00f3n Villa R\u00edo Negro Florece (Resistencia), el 3\u00b0de $220.000 para la ONG Nataxala Pelayo (Fontana), el 4\u00b0 y 5\u00b0 de $200.000 fueron para Fundaci\u00f3n Al Fin Justicia (Resistencia), y la Asociaci\u00f3n Civil Mauni (Puerto Tirol), respectivamente.<br \/>\nEl 6\u00b0 y 7\u00b0 de $170.000, fueron para Bomberos Voluntarios de General San Mart\u00edn (General San Mart\u00edn), y para la Fundaci\u00f3n Freestyle para Todos (Resistencia), el 8\u00b0 de $150.000 para la Asociaci\u00f3n Civil Destellos Solidarios (Gancedo), el 9\u00b0 y 10\u00b0, ambos de $125.000 fueron para reconocer las labores de la ONG Corazones Solidarios Unidos y la Fundaci\u00f3n Hagamos que Suceda (las dos de Resistencia). Estos est\u00edmulos econ\u00f3micos est\u00e1n destinados a la compra de insumos y herramientas de trabajo.<\/p><\/div>\n","protected":false},"excerpt":{"rendered":"<p>La organizaci\u00f3n de Machagai fue distinguida entre 40 propuestas presentadas de distintas localidades de la provincia y, junto a otras nueve instituciones, recibir\u00e1n est\u00edmulos econ\u00f3micos en reconocimiento por sus labores comunitarias y solidarias. En el marco del D\u00eda Provincial de las ONG y como cada 31 de agosto por Ley 1257-E, este jueves la vicegobernadora [&hellip;]<\/p>\n","protected":false},"author":1,"featured_media":26099,"comment_status":"closed","ping_status":"closed","sticky":false,"template":"","format":"standard","meta":{"footnotes":""},"categories":[6],"tags":[],"class_list":{"0":"post-26098","1":"post","2":"type-post","3":"status-publish","4":"format-standard","5":"has-post-thumbnail","7":"category-chaco"},"_links":{"self":[{"href":"https:\/\/chacosintesis.com.ar\/index.php\/wp-json\/wp\/v2\/posts\/26098","targetHints":{"allow":["GET"]}}],"collection":[{"href":"https:\/\/chacosintesis.com.ar\/index.php\/wp-json\/wp\/v2\/posts"}],"about":[{"href":"https:\/\/chacosintesis.com.ar\/index.php\/wp-json\/wp\/v2\/types\/post"}],"author":[{"embeddable":true,"href":"https:\/\/chacosintesis.com.ar\/index.php\/wp-json\/wp\/v2\/users\/1"}],"replies":[{"embeddable":true,"href":"https:\/\/chacosintesis.com.ar\/index.php\/wp-json\/wp\/v2\/comments?post=26098"}],"version-history":[{"count":0,"href":"https:\/\/chacosintesis.com.ar\/index.php\/wp-json\/wp\/v2\/posts\/26098\/revisions"}],"wp:featuredmedia":[{"embeddable":true,"href":"https:\/\/chacosintesis.com.ar\/index.php\/wp-json\/wp\/v2\/media\/26099"}],"wp:attachment":[{"href":"https:\/\/chacosintesis.com.ar\/index.php\/wp-json\/wp\/v2\/media?parent=26098"}],"wp:term":[{"taxonomy":"category","embeddable":true,"href":"https:\/\/chacosintesis.com.ar\/index.php\/wp-json\/wp\/v2\/categories?post=26098"},{"taxonomy":"post_tag","embeddable":true,"href":"https:\/\/chacosintesis.com.ar\/index.php\/wp-json\/wp\/v2\/tags?post=26098"}],"curies":[{"name":"wp","href":"https:\/\/api.w.org\/{rel}","templated":true}]}}