{"id":26084,"date":"2023-08-31T19:34:26","date_gmt":"2023-08-31T22:34:26","guid":{"rendered":"https:\/\/chacosintesis.com.ar\/?p=26084"},"modified":"2023-08-31T19:37:26","modified_gmt":"2023-08-31T22:37:26","slug":"el-museo-del-hombre-chaqueno-recibio-premio-nacional-por-proyecto-sobre-afrodescendencia","status":"publish","type":"post","link":"https:\/\/chacosintesis.com.ar\/index.php\/el-museo-del-hombre-chaqueno-recibio-premio-nacional-por-proyecto-sobre-afrodescendencia\/","title":{"rendered":"El Museo del Hombre Chaque\u00f1o recibi\u00f3 premio nacional por proyecto sobre afrodescendencia"},"content":{"rendered":"<div class=\"postie-post\">El Museo del Hombre Chaque\u00f1o &#8220;Profesor Ertivio Acosta&#8221;, dependiente de Instituto de Cultura del Chaco, recibi\u00f3 ayer el tercer premio de la l\u00ednea destinada a museos provinciales y municipales con el proyecto &#8220;Construcci\u00f3n participativa del espacio afrochaque\u00f1o&#8221;, el cual propone incorporar al gui\u00f3n permanente del museo el recorrido hist\u00f3rico y cultural de la poblaci\u00f3n afrochaque\u00f1a en la provincia.<br \/>\nLa ceremonia se realiz\u00f3 en el Complejo Cultural &#8220;La Manzana de las Luces&#8221;, un lugar hist\u00f3rico de la Ciudad Aut\u00f3noma de Buenos Aires. Estuvieron presentes el ministro de Cultura de la Naci\u00f3n, Trist\u00e1n Bauer; la coordinadora de los Premios RMA, Mercedes Elgarte, el asesor de la Direcci\u00f3n Nacional de Gesti\u00f3n Patrimonial, Gabriel Lerman y la gestora cultural del equipo de la Direcci\u00f3n de Patrimonio Cultural, Silvana Cochatok, quien viaj\u00f3 a recibir el premio en representaci\u00f3n del espacio.<br \/>\nLa obtenci\u00f3n de este premio posibilitar\u00e1 la concreci\u00f3n material de las acciones que el museo viene realizando junto a A.AFRO.CH (Autoconvocadxs Afrodescendientes Chaque\u00f1xs) para visibilizar la herencia afrodescendiente.<br \/>\nPremios RMA<br \/>\nLos Premios RMA reconocen proyectos, finalizados o en proceso, desarrollados por instituciones que formen parte del Registro de Museos Argentinos. Se presentaron 113 proyectos, provenientes de 17 provincias. Con un fondo total de $100.000.000, se otorgaron 43 distinciones repartidas entre museos provinciales y municipales, con tres primeros premios en cada caso y 37 premios est\u00edmulo en total.<br \/>\nLas iniciativas premiadas forman parte de un Banco de Buenas Pr\u00e1cticas dentro del Registro de Museos Argentinos y de otros canales digitales de difusi\u00f3n del Ministerio de Cultura de la Naci\u00f3n.<\/div>\n","protected":false},"excerpt":{"rendered":"<p>El Museo del Hombre Chaque\u00f1o &#8220;Profesor Ertivio Acosta&#8221;, dependiente de Instituto de Cultura del Chaco, recibi\u00f3 ayer el tercer premio de la l\u00ednea destinada a museos provinciales y municipales con el proyecto &#8220;Construcci\u00f3n participativa del espacio afrochaque\u00f1o&#8221;, el cual propone incorporar al gui\u00f3n permanente del museo el recorrido hist\u00f3rico y cultural de la poblaci\u00f3n afrochaque\u00f1a [&hellip;]<\/p>\n","protected":false},"author":1,"featured_media":26085,"comment_status":"closed","ping_status":"closed","sticky":false,"template":"","format":"standard","meta":{"footnotes":""},"categories":[6],"tags":[],"class_list":{"0":"post-26084","1":"post","2":"type-post","3":"status-publish","4":"format-standard","5":"has-post-thumbnail","7":"category-chaco"},"_links":{"self":[{"href":"https:\/\/chacosintesis.com.ar\/index.php\/wp-json\/wp\/v2\/posts\/26084","targetHints":{"allow":["GET"]}}],"collection":[{"href":"https:\/\/chacosintesis.com.ar\/index.php\/wp-json\/wp\/v2\/posts"}],"about":[{"href":"https:\/\/chacosintesis.com.ar\/index.php\/wp-json\/wp\/v2\/types\/post"}],"author":[{"embeddable":true,"href":"https:\/\/chacosintesis.com.ar\/index.php\/wp-json\/wp\/v2\/users\/1"}],"replies":[{"embeddable":true,"href":"https:\/\/chacosintesis.com.ar\/index.php\/wp-json\/wp\/v2\/comments?post=26084"}],"version-history":[{"count":0,"href":"https:\/\/chacosintesis.com.ar\/index.php\/wp-json\/wp\/v2\/posts\/26084\/revisions"}],"wp:featuredmedia":[{"embeddable":true,"href":"https:\/\/chacosintesis.com.ar\/index.php\/wp-json\/wp\/v2\/media\/26085"}],"wp:attachment":[{"href":"https:\/\/chacosintesis.com.ar\/index.php\/wp-json\/wp\/v2\/media?parent=26084"}],"wp:term":[{"taxonomy":"category","embeddable":true,"href":"https:\/\/chacosintesis.com.ar\/index.php\/wp-json\/wp\/v2\/categories?post=26084"},{"taxonomy":"post_tag","embeddable":true,"href":"https:\/\/chacosintesis.com.ar\/index.php\/wp-json\/wp\/v2\/tags?post=26084"}],"curies":[{"name":"wp","href":"https:\/\/api.w.org\/{rel}","templated":true}]}}