{"id":26082,"date":"2023-08-31T19:30:31","date_gmt":"2023-08-31T22:30:31","guid":{"rendered":"https:\/\/chacosintesis.com.ar\/?p=26082"},"modified":"2023-08-31T19:37:22","modified_gmt":"2023-08-31T22:37:22","slug":"abogados-y-procuradores-preocupados-por-proyecto-de-ley-que-pretende-crear-registro-de-obstructores-de-vinculos-familiares","status":"publish","type":"post","link":"https:\/\/chacosintesis.com.ar\/index.php\/abogados-y-procuradores-preocupados-por-proyecto-de-ley-que-pretende-crear-registro-de-obstructores-de-vinculos-familiares\/","title":{"rendered":"Abogados y procuradores preocupados por proyecto de ley que pretende crear registro de obstructores de v\u00ednculos familiares"},"content":{"rendered":"<div class=\"postie-post\">El Consejo Profesional de Abogados y Procuradores de la Primera Circunscripci\u00f3n Judicial del Chaco manifest\u00f3 su preocupaci\u00f3n por el proyecto de Ley 3000\/2022, a trav\u00e9s del cual se pretende crear un registro de obstructores de v\u00ednculos familiares. \u201cEste proyecto de ley pretende perjudicar la situaci\u00f3n de las y los progenitores que tienen bajo su cuidado a ni\u00f1os, ni\u00f1as y adolescentes cuyo v\u00ednculo con sus otros\/as progenitores pudo haberse interrumpido debido a denuncias o sospechas de violencias y abusos, yendo en consecuencia contra el principio fundamental de proteger prioritariamente el inter\u00e9s de ni\u00f1os, ni\u00f1as y adolescentes (NNA)\u201d, aseguran en un escrito que rubrican el presidente de la entidad Ricardo Jos\u00e9 Urturi; la vicepresidenta Elisa Fern\u00e1ndez Asselle; el secretario Jos\u00e9 Miguel Vigier y el tesorero Leandro Fioravanti.<br \/>\nA su vez, entienden que \u201ces un proyecto de ley que pone la prioridad en aquellos\/a progenitores que est\u00e1n denunciados por violencia y abusos contra los ni\u00f1os, las ni\u00f1as y adolescentes, definiendo como obstructores a padres y madres que piden judicialmente restricciones al contacto y la comunicaci\u00f3n para protegerlos\/as, siendo casos en donde no se puede decir irresponsablemente que sean todas denuncias falsas\u201d. \u201cAgrava de esta manera la situaci\u00f3n de quienes muchas veces enfrentan en soledad el cuidado de ni\u00f1os, ni\u00f1as y adolescentes, sin aportar ninguna soluci\u00f3n o mejora para su bienestar individual,  ya que llevar\u00e1 en los hechos a que la persona que en ejercicio de los cuidados personales cohabita con esos\/as NNA pueda perder su empleo y\/o no acceder a una vivienda, o quedar fuera del sistema crediticio\u201d, advierten abogados y procuradores.<br \/>\nDel mismo modo, aseguran que \u201ces un proyecto de ley que perjudica a las  familias protectoras, porque son las que mayormente denuncian la violencia familiar y de g\u00e9nero y las que est\u00e1n a cargo de NNA, enfrentando procesos contra progenitores violentos y\/o abusadores, que lejos de asumir las consecuencias de sus propios actos las externalizan. Es un proyecto de ley que no aporta una soluci\u00f3n pensada en el inter\u00e9s superior de NNA\u201d.<br \/>\n\u201cEs deber de quienes ejercemos la abogac\u00eda priorizar el respeto por las personas en situaciones de vulnerabilidad y los principios y valores \u00e9ticos especialmente en cuestiones de infancias y familias en su gran diversidad y nuestro esfuerzo debe estar encaminado para la mejor resoluci\u00f3n de cada caso sin perder de vista lo esencial que son los superiores intereses de NNA\u201d, concluyen en el escrito.<br \/>\nY cierran: \u201cNuestra opini\u00f3n se sustenta en la intervenci\u00f3n previa del Instituto de Derecho de las Familias y Sucesiones que est\u00e1 compuesto por abogadas y abogados asociadas\/os a nuestra instituci\u00f3n y que se han especializado en la materia y trabajan profesionalmente en el fuero de ni\u00f1ez, adolescencia y familia, sin improvisaci\u00f3n ni oportunismos\u201d. \u201cRechazamos las falaces descalificaciones que se vierten para sostener la defensa de una de las partes que participan en estos graves y dolorosos conflictos intrafamiliares, agrediendo irresponsablemente a profesionales de la abogac\u00eda que trabajan con probidad y compromiso con los dramas humanos que intentan encausar en el \u00e1mbito pacificador y protector del sistema judicial\u201d, concluyen Abogados y Procuradores de la Primera Circunscripci\u00f3n Judicial del Chaco.<\/div>\n","protected":false},"excerpt":{"rendered":"<p>El Consejo Profesional de Abogados y Procuradores de la Primera Circunscripci\u00f3n Judicial del Chaco manifest\u00f3 su preocupaci\u00f3n por el proyecto de Ley 3000\/2022, a trav\u00e9s del cual se pretende crear un registro de obstructores de v\u00ednculos familiares. \u201cEste proyecto de ley pretende perjudicar la situaci\u00f3n de las y los progenitores que tienen bajo su cuidado [&hellip;]<\/p>\n","protected":false},"author":1,"featured_media":26083,"comment_status":"closed","ping_status":"closed","sticky":false,"template":"","format":"standard","meta":{"footnotes":""},"categories":[6],"tags":[],"class_list":{"0":"post-26082","1":"post","2":"type-post","3":"status-publish","4":"format-standard","5":"has-post-thumbnail","7":"category-chaco"},"_links":{"self":[{"href":"https:\/\/chacosintesis.com.ar\/index.php\/wp-json\/wp\/v2\/posts\/26082","targetHints":{"allow":["GET"]}}],"collection":[{"href":"https:\/\/chacosintesis.com.ar\/index.php\/wp-json\/wp\/v2\/posts"}],"about":[{"href":"https:\/\/chacosintesis.com.ar\/index.php\/wp-json\/wp\/v2\/types\/post"}],"author":[{"embeddable":true,"href":"https:\/\/chacosintesis.com.ar\/index.php\/wp-json\/wp\/v2\/users\/1"}],"replies":[{"embeddable":true,"href":"https:\/\/chacosintesis.com.ar\/index.php\/wp-json\/wp\/v2\/comments?post=26082"}],"version-history":[{"count":0,"href":"https:\/\/chacosintesis.com.ar\/index.php\/wp-json\/wp\/v2\/posts\/26082\/revisions"}],"wp:featuredmedia":[{"embeddable":true,"href":"https:\/\/chacosintesis.com.ar\/index.php\/wp-json\/wp\/v2\/media\/26083"}],"wp:attachment":[{"href":"https:\/\/chacosintesis.com.ar\/index.php\/wp-json\/wp\/v2\/media?parent=26082"}],"wp:term":[{"taxonomy":"category","embeddable":true,"href":"https:\/\/chacosintesis.com.ar\/index.php\/wp-json\/wp\/v2\/categories?post=26082"},{"taxonomy":"post_tag","embeddable":true,"href":"https:\/\/chacosintesis.com.ar\/index.php\/wp-json\/wp\/v2\/tags?post=26082"}],"curies":[{"name":"wp","href":"https:\/\/api.w.org\/{rel}","templated":true}]}}