{"id":26080,"date":"2023-08-31T19:29:04","date_gmt":"2023-08-31T22:29:04","guid":{"rendered":"https:\/\/chacosintesis.com.ar\/?p=26080"},"modified":"2023-08-31T19:37:18","modified_gmt":"2023-08-31T22:37:18","slug":"la-estrategia-de-educacion-ambiental-integral-contempla-territorialidad-y-acciones-en-el-corto-plazo","status":"publish","type":"post","link":"https:\/\/chacosintesis.com.ar\/index.php\/la-estrategia-de-educacion-ambiental-integral-contempla-territorialidad-y-acciones-en-el-corto-plazo\/","title":{"rendered":"La estrategia de Educaci\u00f3n Ambiental Integral contempla territorialidad y acciones en el corto plazo"},"content":{"rendered":"<div class=\"postie-post\">Se trata de un instrumento de planificaci\u00f3n estrat\u00e9gica y pol\u00edtica p\u00fablica provincial que apunta a un cambio de paradigma, con el fin territorializar la Educaci\u00f3n Ambiental y generar las condiciones institucionales tendientes a profundizar y consolidar los procesos educativos en todos los \u00e1mbitos sociales.<br \/>\nEste 31 de agosto, como parte del D\u00eda de la Conciencia Ambiental, los ministerios de Ambiente y Desarrollo Territorial Sostenible, y de Educaci\u00f3n, Cultura, Ciencia y Tecnolog\u00eda presentaron, en la Casa de las Culturas, la Estrategia Provincial de Educaci\u00f3n Ambiental Integral (EPEAI). El documento, acorde a lo que dispone la ley provincial 3671 E, es un instrumento de planificaci\u00f3n estrat\u00e9gica y pol\u00edtica p\u00fablica provincial permanente y concertada con alcance a todos los \u00e1mbitos informales, no formales y formales de la educaci\u00f3n.<br \/>\nLa EPEAI apunta a un cambio de paradigma, con el fin territorializar la Educaci\u00f3n Ambiental mediante acciones a corto, mediano y largo plazo, generando las condiciones institucionales para profundizar y consolidar los procesos educativos en todos los \u00e1mbitos sociales.<br \/>\n\u201cTenemos que avanzar con mayor celeridad en procesos que nos permitan generar nuevos paradigmas de desarrollo que deben tener un eje transversal de perspectiva ambiental con mirada multifocal\u201d, expres\u00f3 la ministra de Ambiente y Desarrollo Territorial Sostenible, Marta Soneira.<br \/>\nLa coordinadora del Programa de Formaci\u00f3n Integral Chaco Sostenible Marilyn Rol\u00f3n destac\u00f3 las pol\u00edticas de educaci\u00f3n ambiental, conforme a lo que estipula la ley acerca de la vinculaci\u00f3n entre las realidades ambientales y las pol\u00edticas derivadas. \u201cDetr\u00e1s de este documento hay un trabajo en territorio que seguiremos realizando para tener todas las voces de quienes vienen generando espacios de educaci\u00f3n ambiental y ponen en valor los espacios naturales de la provincia\u201d, afirm\u00f3.<br \/>\nDisertaciones y presentaciones<br \/>\nAcompa\u00f1aron esta presentaci\u00f3n la ministra de Ambiente y Desarrollo Territorial Sostenible, Marta Soneira; el Ministro de Educaci\u00f3n, Cultura, Ciencia y Tecnolog\u00eda, Aldo Lineras; Mar\u00eda Calvete del equipo de Educaci\u00f3n Ambiental del Ministerio de Educaci\u00f3n de Naci\u00f3n; la subsecretaria de Educaci\u00f3n, Ludmila Pellegrini; el Subsecretario de Ambiente y Biodiversidad, Tom\u00e1s Camarasa; la coordinadora del Programa de Formaci\u00f3n Integral Chaco Sostenible, Marilyn Rol\u00f3n, y el Director de Formaci\u00f3n y Participaci\u00f3n Ciudadana, Samuel Salas.<br \/>\nLa presentaci\u00f3n cont\u00f3 tambi\u00e9n con disertaciones sobre los ejes de la EPEAI: Tom\u00e1s Camarasa en el eje Derecho y Justicia Ambiental, Iara Tejada Mart\u00ednez en el eje G\u00e9nero y Diversidad, y Griselda Oria en el eje Cuerpo y Salud. Adem\u00e1s, estudiantes parlamentarios realizaron la lectura del documento manifiesto presentado en el encuentro provincial de Parlamento Juvenil del Mercosur.<br \/>\nEn el cierre el Ballet Contempor\u00e1neo del Chaco, dirigido por Mariela Alarc\u00f3n, cuyos bailarines, Federico Fern\u00e1ndez y Pablo Ferro, interpretaron la canci\u00f3n \u201cOraci\u00f3n del remanso&#8221; de Jorge Fandermole, con la coreograf\u00eda de Mart\u00edn Candia. Posteriormente, docentes participaron de un encuentro-taller con Mar\u00eda Calvete del equipo de Educaci\u00f3n Ambiental del Ministerio de Educaci\u00f3n de Naci\u00f3n, y los estudiantes realizaron un Foro de secretar\u00edas de ambiente a cargo del equipo provincial.<br \/>\nPara acceder a la Estrategia Provincial de Educaci\u00f3n Ambiental Integral, ingresa al siguiente link: <a href=\"https:\/\/drive.google.com\/drive\/folders\/1X-NwyxeDHpfnE2X-DKDCH0Ac4z3A8Emj\">drive.google.com\/drive\/folders\/1X-NwyxeDHpfnE2X-DKDCH0Ac4z3A8Emj<\/a><\/div>\n","protected":false},"excerpt":{"rendered":"<p>Se trata de un instrumento de planificaci\u00f3n estrat\u00e9gica y pol\u00edtica p\u00fablica provincial que apunta a un cambio de paradigma, con el fin territorializar la Educaci\u00f3n Ambiental y generar las condiciones institucionales tendientes a profundizar y consolidar los procesos educativos en todos los \u00e1mbitos sociales. Este 31 de agosto, como parte del D\u00eda de la Conciencia [&hellip;]<\/p>\n","protected":false},"author":1,"featured_media":26081,"comment_status":"closed","ping_status":"closed","sticky":false,"template":"","format":"standard","meta":{"footnotes":""},"categories":[6],"tags":[],"class_list":{"0":"post-26080","1":"post","2":"type-post","3":"status-publish","4":"format-standard","5":"has-post-thumbnail","7":"category-chaco"},"_links":{"self":[{"href":"https:\/\/chacosintesis.com.ar\/index.php\/wp-json\/wp\/v2\/posts\/26080","targetHints":{"allow":["GET"]}}],"collection":[{"href":"https:\/\/chacosintesis.com.ar\/index.php\/wp-json\/wp\/v2\/posts"}],"about":[{"href":"https:\/\/chacosintesis.com.ar\/index.php\/wp-json\/wp\/v2\/types\/post"}],"author":[{"embeddable":true,"href":"https:\/\/chacosintesis.com.ar\/index.php\/wp-json\/wp\/v2\/users\/1"}],"replies":[{"embeddable":true,"href":"https:\/\/chacosintesis.com.ar\/index.php\/wp-json\/wp\/v2\/comments?post=26080"}],"version-history":[{"count":0,"href":"https:\/\/chacosintesis.com.ar\/index.php\/wp-json\/wp\/v2\/posts\/26080\/revisions"}],"wp:featuredmedia":[{"embeddable":true,"href":"https:\/\/chacosintesis.com.ar\/index.php\/wp-json\/wp\/v2\/media\/26081"}],"wp:attachment":[{"href":"https:\/\/chacosintesis.com.ar\/index.php\/wp-json\/wp\/v2\/media?parent=26080"}],"wp:term":[{"taxonomy":"category","embeddable":true,"href":"https:\/\/chacosintesis.com.ar\/index.php\/wp-json\/wp\/v2\/categories?post=26080"},{"taxonomy":"post_tag","embeddable":true,"href":"https:\/\/chacosintesis.com.ar\/index.php\/wp-json\/wp\/v2\/tags?post=26080"}],"curies":[{"name":"wp","href":"https:\/\/api.w.org\/{rel}","templated":true}]}}