{"id":26076,"date":"2023-08-31T19:24:57","date_gmt":"2023-08-31T22:24:57","guid":{"rendered":"https:\/\/chacosintesis.com.ar\/?p=26076"},"modified":"2023-08-31T19:37:08","modified_gmt":"2023-08-31T22:37:08","slug":"educacion-publican-lista-de-aspirantes-en-condiciones-de-acceder-a-cargos-de-supervisores","status":"publish","type":"post","link":"https:\/\/chacosintesis.com.ar\/index.php\/educacion-publican-lista-de-aspirantes-en-condiciones-de-acceder-a-cargos-de-supervisores\/","title":{"rendered":"Educaci\u00f3n: publican lista de aspirantes en condiciones de acceder a cargos de supervisores"},"content":{"rendered":"<div class=\"postie-post\">El Ministerio de Educaci\u00f3n, Cultura, Ciencia y Tecnolog\u00eda, a trav\u00e9s de la Direcci\u00f3n General de Gesti\u00f3n Educativa, comunic\u00f3 que a partir del viernes primero de septiembre se pondr\u00e1n a disposici\u00f3n de los\/las interesados\/as las listas de docentes que se encuentran en condiciones de acceder a cargos de supervisores.<br \/>\nEn esta oportunidad, los listados comprenden a aspirantes a cargos de Supervisores de Nivel Inicial (Primer llamado), Nivel Primario Com\u00fan (Primer y segundo llamado), Nivel Primario Modalidad Especial (Primer y segundo llamado), Nivel Primario -Adultos (Primer y segundo llamado), Servicio Bibliotecario (Primer y segundo llamado) y Nivel Secundario (Primer llamado).<br \/>\nLos y las docentes de la provincia en condiciones de acceder a dichos cargos, seg\u00fan listado de orden de M\u00e9rito Provincial remitido por las Juntas de Clasificaci\u00f3n correspondientes, podr\u00e1n informarse acerca de los mismos, desde el viernes 1 de septiembre del corriente a\u00f1o y por el t\u00e9rmino de 10 d\u00edas h\u00e1biles, de 7.30 a 16, en la oficina de la Direcci\u00f3n General de Gesti\u00f3n Educativa, ubicada en la nave 11 del Ministerio de Educaci\u00f3n, sito en calle Gobernador Bosch 99 de la ciudad de Resistencia.<\/div>\n","protected":false},"excerpt":{"rendered":"<p>El Ministerio de Educaci\u00f3n, Cultura, Ciencia y Tecnolog\u00eda, a trav\u00e9s de la Direcci\u00f3n General de Gesti\u00f3n Educativa, comunic\u00f3 que a partir del viernes primero de septiembre se pondr\u00e1n a disposici\u00f3n de los\/las interesados\/as las listas de docentes que se encuentran en condiciones de acceder a cargos de supervisores. En esta oportunidad, los listados comprenden a [&hellip;]<\/p>\n","protected":false},"author":1,"featured_media":26077,"comment_status":"closed","ping_status":"closed","sticky":false,"template":"","format":"standard","meta":{"footnotes":""},"categories":[6],"tags":[],"class_list":{"0":"post-26076","1":"post","2":"type-post","3":"status-publish","4":"format-standard","5":"has-post-thumbnail","7":"category-chaco"},"_links":{"self":[{"href":"https:\/\/chacosintesis.com.ar\/index.php\/wp-json\/wp\/v2\/posts\/26076","targetHints":{"allow":["GET"]}}],"collection":[{"href":"https:\/\/chacosintesis.com.ar\/index.php\/wp-json\/wp\/v2\/posts"}],"about":[{"href":"https:\/\/chacosintesis.com.ar\/index.php\/wp-json\/wp\/v2\/types\/post"}],"author":[{"embeddable":true,"href":"https:\/\/chacosintesis.com.ar\/index.php\/wp-json\/wp\/v2\/users\/1"}],"replies":[{"embeddable":true,"href":"https:\/\/chacosintesis.com.ar\/index.php\/wp-json\/wp\/v2\/comments?post=26076"}],"version-history":[{"count":0,"href":"https:\/\/chacosintesis.com.ar\/index.php\/wp-json\/wp\/v2\/posts\/26076\/revisions"}],"wp:featuredmedia":[{"embeddable":true,"href":"https:\/\/chacosintesis.com.ar\/index.php\/wp-json\/wp\/v2\/media\/26077"}],"wp:attachment":[{"href":"https:\/\/chacosintesis.com.ar\/index.php\/wp-json\/wp\/v2\/media?parent=26076"}],"wp:term":[{"taxonomy":"category","embeddable":true,"href":"https:\/\/chacosintesis.com.ar\/index.php\/wp-json\/wp\/v2\/categories?post=26076"},{"taxonomy":"post_tag","embeddable":true,"href":"https:\/\/chacosintesis.com.ar\/index.php\/wp-json\/wp\/v2\/tags?post=26076"}],"curies":[{"name":"wp","href":"https:\/\/api.w.org\/{rel}","templated":true}]}}