{"id":26066,"date":"2023-08-31T19:18:39","date_gmt":"2023-08-31T22:18:39","guid":{"rendered":"https:\/\/chacosintesis.com.ar\/?p=26066"},"modified":"2023-08-31T19:36:44","modified_gmt":"2023-08-31T22:36:44","slug":"desde-la-idea-hasta-la-postproduccion-una-invitacion-para-profesionales-entusiastas-y-espectadores","status":"publish","type":"post","link":"https:\/\/chacosintesis.com.ar\/index.php\/desde-la-idea-hasta-la-postproduccion-una-invitacion-para-profesionales-entusiastas-y-espectadores\/","title":{"rendered":"\u201cDesde la idea hasta la postproducci\u00f3n\u201d: una invitaci\u00f3n para profesionales, entusiastas y espectadores"},"content":{"rendered":"<div class=\"postie-post\">El encuentro se realizar\u00e1 en el marco de la Feria Internacional del Libro, el pr\u00f3ximo s\u00e1bado 2 de septiembre, de 16 a 19, en el Auditorio de Casa de las Culturas. Los disertantes ser\u00e1n el director y docente Cristian Valussi y el director de Arte, Osky Escanilla.<br \/>\n\u201cDesde la idea hasta la postproducci\u00f3n\u201d es un taller de realizaci\u00f3n audiovisual que se realizar\u00e1 el pr\u00f3ximo s\u00e1bado 2 de septiembre, de 16 a 19, en el auditorio de Casa de las Culturas, en el marco de la Feria Internacional del Libro (FIL Chaco). Los contenidos que se abordar\u00e1n tienen que ver con el desarrollo, la preproducci\u00f3n, rodaje y la postproducci\u00f3n. Los disertantes ser\u00e1n el director y docente de la Universidad de Palermo, Cristian Valussi y el director de Arte, Osky Escanilla.<br \/>\nEn di\u00e1logo con Agencia FOCO, Valussi detall\u00f3 que se trata de un taller donde \u201cvamos a darle un foco claro a lo que queremos contar, que el autor sepa qu\u00e9 quiere contar de la obra desde el inicio (el ADN de nuestra obra) y, a trav\u00e9s de esa premisa, que podamos plasmarlo en todas las \u00e1reas como la fotograf\u00eda, direcci\u00f3n, direcci\u00f3n de actores\u201d, explic\u00f3.<br \/>\nAdem\u00e1s, el realizador dijo que hablar\u00e1n sobre la \u201cpsicolog\u00eda del color, todo en base al encuadre, composiciones \u00e1ureas, siempre en la base de nuestra premisa\u201d. Como ejemplos, trabajar\u00e1n con fragmentos de la pel\u00edcula \u201cLuz Verde\u201d y series, que \u201chasta se puede trasladar a una obra de teatro, citar textos, para ver c\u00f3mo le seguimos el recorrido a nuestro protagonista\u201d, coment\u00f3.<br \/>\nEn cuanto a la divisi\u00f3n de contenidos propios del taller, Valussi se encargar\u00e1 de los relacionado a la autor\u00eda, guion y direcci\u00f3n y Osky Escanilla, en lo relacionado a la Direcci\u00f3n de Arte, al vestuario y maquillaje. La actividad es libre y gratuita.<br \/>\nQui\u00e9nes pueden participar<br \/>\nValussi aclar\u00f3 que se trata de una propuesta de la que pueden participar \u201cdesde profesionales del cine hasta entusiastas\u201d y que no es solamente para que profesionales puedan mejorar su labor, \u201csino tambi\u00e9n para simples espectadores que quieren ver el cine de otra manera\u201d, explic\u00f3.<br \/>\nSobre los disertantes<br \/>\nCristian Valussi es realizador integral de cine y televisi\u00f3n (CIC). Profesor de la Universidad de Palermo en el \u00c1rea Audiovisual de la Facultad de Dise\u00f1o y Comunicaci\u00f3n. Es profesor en otras instituciones. Realizador de obras de ficci\u00f3n y documental que particip\u00f3 en festivales de todo el mundo, en los que se destacan, \u201cFestival de Cannes\u201d, \u201cFestival Internacional de Girona\u201d, \u201cBelgium Film Festival\u201d y \u201cClermont-Ferrand Festival, Francia\u201d. Cuenta con numerosos trabajos de post producci\u00f3n y spot publicitarios.<br \/>\nSu \u00faltima miniserie y cortometraje es \u201cCanci\u00f3n Infantil\u201d con la actuaci\u00f3n de Luis Mach\u00edn, seleccionado en el Festival de Cine Pol\u00edtico de Buenos Aires y puede disfrutarse en la semana \u201cViva el Cine\u201d, de Vicente L\u00f3pez.<br \/>\nOsky Escanilla se form\u00f3 en la escuela de Bellas Artes (MEEBA) y estudi\u00f3 escenograf\u00eda en El Centro Cultural General San Mart\u00edn y en el teatro Col\u00f3n.<br \/>\nEntre sus producciones m\u00e1s recientes se encuentran \u201cEl Portal\u201d bajo la direcci\u00f3n de Mariano Argento, \u201cCuando duerme conmigo\u201d con la direcci\u00f3n de Eduardo Rom\u00e1n, \u201cPartida de Direcci\u00f3n\u201d de Diego Su\u00e1rez, el cortometraje \u201cMalvino\u201d y Piloto de \u201cJuegos y Demonios\u201d, bajo la direcci\u00f3n de Juan Pablo Millano y Nicol\u00e1s Millano.<\/div>\n","protected":false},"excerpt":{"rendered":"<p>El encuentro se realizar\u00e1 en el marco de la Feria Internacional del Libro, el pr\u00f3ximo s\u00e1bado 2 de septiembre, de 16 a 19, en el Auditorio de Casa de las Culturas. Los disertantes ser\u00e1n el director y docente Cristian Valussi y el director de Arte, Osky Escanilla. \u201cDesde la idea hasta la postproducci\u00f3n\u201d es un [&hellip;]<\/p>\n","protected":false},"author":1,"featured_media":26067,"comment_status":"closed","ping_status":"closed","sticky":false,"template":"","format":"standard","meta":{"footnotes":""},"categories":[6],"tags":[],"class_list":{"0":"post-26066","1":"post","2":"type-post","3":"status-publish","4":"format-standard","5":"has-post-thumbnail","7":"category-chaco"},"_links":{"self":[{"href":"https:\/\/chacosintesis.com.ar\/index.php\/wp-json\/wp\/v2\/posts\/26066","targetHints":{"allow":["GET"]}}],"collection":[{"href":"https:\/\/chacosintesis.com.ar\/index.php\/wp-json\/wp\/v2\/posts"}],"about":[{"href":"https:\/\/chacosintesis.com.ar\/index.php\/wp-json\/wp\/v2\/types\/post"}],"author":[{"embeddable":true,"href":"https:\/\/chacosintesis.com.ar\/index.php\/wp-json\/wp\/v2\/users\/1"}],"replies":[{"embeddable":true,"href":"https:\/\/chacosintesis.com.ar\/index.php\/wp-json\/wp\/v2\/comments?post=26066"}],"version-history":[{"count":0,"href":"https:\/\/chacosintesis.com.ar\/index.php\/wp-json\/wp\/v2\/posts\/26066\/revisions"}],"wp:featuredmedia":[{"embeddable":true,"href":"https:\/\/chacosintesis.com.ar\/index.php\/wp-json\/wp\/v2\/media\/26067"}],"wp:attachment":[{"href":"https:\/\/chacosintesis.com.ar\/index.php\/wp-json\/wp\/v2\/media?parent=26066"}],"wp:term":[{"taxonomy":"category","embeddable":true,"href":"https:\/\/chacosintesis.com.ar\/index.php\/wp-json\/wp\/v2\/categories?post=26066"},{"taxonomy":"post_tag","embeddable":true,"href":"https:\/\/chacosintesis.com.ar\/index.php\/wp-json\/wp\/v2\/tags?post=26066"}],"curies":[{"name":"wp","href":"https:\/\/api.w.org\/{rel}","templated":true}]}}