{"id":26064,"date":"2023-08-31T17:34:32","date_gmt":"2023-08-31T20:34:32","guid":{"rendered":"https:\/\/chacosintesis.com.ar\/?p=26064"},"modified":"2023-08-31T17:37:11","modified_gmt":"2023-08-31T20:37:11","slug":"toda-la-cartelera-teatral-para-disfrutar-en-el-chaco","status":"publish","type":"post","link":"https:\/\/chacosintesis.com.ar\/index.php\/toda-la-cartelera-teatral-para-disfrutar-en-el-chaco\/","title":{"rendered":"Toda la cartelera teatral para disfrutar en el Chaco"},"content":{"rendered":"<div class=\"postie-post\">Tres jornadas a puro teatro en diversas salas de la provincia.<br \/>\nEl Instituto de Cultura del Chaco a trav\u00e9s de su departamento de Teatro invita a disfrutar de la cartelera para este fin de semana.<br \/>\nViernes 1 de septiembre &#8211; 21.30 hs.<br \/>\nSala 88 &#8211; French 845<br \/>\nDe Profesi\u00f3n Maternal<br \/>\nDe la autora Griselda Gambaro. Es una comedia dram\u00e1tica. Una mujer busca y encuentra a su hija 30 a\u00f1os despu\u00e9s de haberla abandonado. El encuentro estar\u00e1 lleno de cuestionamientos, nervios y revanchas.<br \/>\nDirecci\u00f3n general: Ulises Camargo<br \/>\nProducci\u00f3n: Teatro LA USINA, espacio.<br \/>\nEntradas:<br \/>\n$2000 reservando anticipadamente<br \/>\n$2.500 el viernes 1<br \/>\nReservas: 362 438-3115<br \/>\nViernes 1 de septiembre &#8211; 22 Hs.<br \/>\nLugar: La M\u00e1scara Espacio Cultural &amp; De Formaci\u00f3n | Esquina Av. DR. Evaristo Ram\u00edrez y Nikola Tesla (Rcia-Chaco).<br \/>\nZona 33 llega a Resistencia<br \/>\nDespu\u00e9s de presentarse en Posadas, se lanzan a una emocionante traves\u00eda con el inicio inminente de su Gira Interprovincial por Resistencia. Prep\u00e1rense para recibir una dosis intensa de esta Comedia Kitsch Queer que sacudir\u00e1 sus emociones.<br \/>\nEn un galp\u00f3n abandonado de la Zona 33 aparecen y desaparecen paranoicas, turn\u00e1ndose, entre penumbras y part\u00edculas que flotan. Por momentos elongaci\u00f3n sugerentemente pornogr\u00e1fica y danzada, por otro un ensayo secreto, competitivo y mortal. Una propuesta kitsch y una exitosa gallina en un ecosistema devastado, all\u00ed donde la violencia y la desesperaci\u00f3n conviven con un pasado glorioso, anterior a la represa.<br \/>\nConsultas: 3625-184469<br \/>\nS\u00e1bado 2 de septiembre &#8211; 21:30 Hs.<br \/>\nTANGO TURCO<br \/>\nLugar: Sala 88 (French 845 &#8211; Resistencia).<br \/>\nP\u00fablico: Mayores de 13 a\u00f1os.<br \/>\nDirecci\u00f3n: Bernardo Alvarenga.<br \/>\nSobre la obra: Tres m\u00fasicos de dudosa categor\u00eda inician un recorrido en busca del triunfo, del amor y de la muerte.<br \/>\nPr\u00f3fugos de sus propios fantasmas se adentran en un hilarante periplo intentando ser artistas  y fracasando constantemente. En su penoso devenir se plantean si es el arte posible en la adversidad, si el hogar est\u00e1 en alg\u00fan lugar o si es necesario morir (o matar) por amor. C\u00f3mo la letra de un tango&#8230;o de una comedia.<br \/>\nCompra tu entrada anticipada a $1.500 por Mercado pago al 3794758155 (Alias: tangoturco)<br \/>\nEn puerta $2.000<br \/>\nDomingo 3 de septiembre &#8211; 18 Hs.<br \/>\nCartelera de este fin de semana en La Usina &#8211; S\u00e1enz Pe\u00f1a.<br \/>\nGato Amo es un gato mimado, revoltoso, rab\u00f3n y algo verdoso, que suele perderse en cada lugar donde la compa\u00f1\u00eda de teatro a la que pertenece viaja a realizar sus funciones.<br \/>\nMientras sus humanos cuentan historias con su \u201cTeatro de Sombras\u201d, el gato disfruta de la aventura en total  libertad.<br \/>\nDomingo 3 de septiembre &#8211; 18 Hs.<br \/>\nSala 88 &#8211; French 845<br \/>\nCONCIERTO DE MUSICALES &#8220;Infantiles de todos los tiempos&#8221;<br \/>\n&#8220;Excelentes cantantes interpretar\u00e1n los grandes cl\u00e1sicos del musical infantil mundial&#8221;<br \/>\nDirecci\u00f3n general: Ulises Camargo<br \/>\nEl repertorio incluye grandes cl\u00e1sicos del cine y el teatro musical.<br \/>\nProducci\u00f3n de TEATRO MUSICAL CHACO<br \/>\nENTRADAS: $ 2000 reservando anticipadamente<br \/>\n$ 2.500 el domingo 3\/9<br \/>\nReservas al 362 438-3115<br \/>\nDomingo 3 de septiembre &#8211; 18 Hs.<br \/>\nLugar: La M\u00e1scara Espacio Cultural &amp; De Formaci\u00f3n | Esquina Av. DR. Evaristo Ram\u00edrez y Nikola Tesla (Rcia-Chaco).<br \/>\nPICNIC<br \/>\nUna obra pochoclera, con 5 actores en escena que relatan situaciones c\u00f3micas de una familia tipo en un contexto muy particular.<br \/>\nConsultas: 3625-184469<\/div>\n","protected":false},"excerpt":{"rendered":"<p>Tres jornadas a puro teatro en diversas salas de la provincia. El Instituto de Cultura del Chaco a trav\u00e9s de su departamento de Teatro invita a disfrutar de la cartelera para este fin de semana. Viernes 1 de septiembre &#8211; 21.30 hs. Sala 88 &#8211; French 845 De Profesi\u00f3n Maternal De la autora Griselda Gambaro. [&hellip;]<\/p>\n","protected":false},"author":1,"featured_media":26065,"comment_status":"closed","ping_status":"closed","sticky":false,"template":"","format":"standard","meta":{"footnotes":""},"categories":[6],"tags":[],"class_list":{"0":"post-26064","1":"post","2":"type-post","3":"status-publish","4":"format-standard","5":"has-post-thumbnail","7":"category-chaco"},"_links":{"self":[{"href":"https:\/\/chacosintesis.com.ar\/index.php\/wp-json\/wp\/v2\/posts\/26064","targetHints":{"allow":["GET"]}}],"collection":[{"href":"https:\/\/chacosintesis.com.ar\/index.php\/wp-json\/wp\/v2\/posts"}],"about":[{"href":"https:\/\/chacosintesis.com.ar\/index.php\/wp-json\/wp\/v2\/types\/post"}],"author":[{"embeddable":true,"href":"https:\/\/chacosintesis.com.ar\/index.php\/wp-json\/wp\/v2\/users\/1"}],"replies":[{"embeddable":true,"href":"https:\/\/chacosintesis.com.ar\/index.php\/wp-json\/wp\/v2\/comments?post=26064"}],"version-history":[{"count":0,"href":"https:\/\/chacosintesis.com.ar\/index.php\/wp-json\/wp\/v2\/posts\/26064\/revisions"}],"wp:featuredmedia":[{"embeddable":true,"href":"https:\/\/chacosintesis.com.ar\/index.php\/wp-json\/wp\/v2\/media\/26065"}],"wp:attachment":[{"href":"https:\/\/chacosintesis.com.ar\/index.php\/wp-json\/wp\/v2\/media?parent=26064"}],"wp:term":[{"taxonomy":"category","embeddable":true,"href":"https:\/\/chacosintesis.com.ar\/index.php\/wp-json\/wp\/v2\/categories?post=26064"},{"taxonomy":"post_tag","embeddable":true,"href":"https:\/\/chacosintesis.com.ar\/index.php\/wp-json\/wp\/v2\/tags?post=26064"}],"curies":[{"name":"wp","href":"https:\/\/api.w.org\/{rel}","templated":true}]}}