{"id":26060,"date":"2023-08-31T17:15:14","date_gmt":"2023-08-31T20:15:14","guid":{"rendered":"https:\/\/chacosintesis.com.ar\/?p=26060"},"modified":"2023-08-31T17:36:57","modified_gmt":"2023-08-31T20:36:57","slug":"conoce-los-espectaculos-de-la-feria-iberoamericana-del-libro-chaco-durante-el-fin-de-semana","status":"publish","type":"post","link":"https:\/\/chacosintesis.com.ar\/index.php\/conoce-los-espectaculos-de-la-feria-iberoamericana-del-libro-chaco-durante-el-fin-de-semana\/","title":{"rendered":"Conoc\u00e9 los espect\u00e1culos de la Feria Iberoamericana del Libro Chaco durante el fin de semana"},"content":{"rendered":"<div class=\"postie-post\">Se trata de un acontecimiento cultural, social y comunitario que contar\u00e1 con la presencia de diversos shows, acompa\u00f1ado de Food Truck y cerveza artesanal. Roda Roots (Resistencia), A Metros (Corrientes), Viento Norte y Bailunga brindar\u00e1n m\u00fasica para todos y todas durante este viernes en el Espacio Azul del Domo el Centenario.<br \/>\nDurante este fin de semana, la Feria Iberoamericana del Libro Chaco 2023 contar\u00e1 con diversos espect\u00e1culos para que todas y todos los presentes puedan disfrutar de la experiencia, acompa\u00f1ado de Food Truck y cerveza artesanal. El d\u00eda viernes ser\u00e1n Roda Roots (Resistencia), A Metros (Corrientes), Viento Norte y Bailunga quienes se encargar\u00e1n de darle m\u00fasica al evento en el Espacio Azul del Domo el Centenario.<br \/>\nLa Feria Iberoamericana del Libro Chaco 2023 es un evento anual de gran relevancia cultural y educativa. Se trata de un acontecimiento cultural, social y comunitario que por su naturaleza contempla la diversidad de voces, relatos y expresiones que nos caracterizan como pueblo. Adem\u00e1s de esta propuesta, se podr\u00e1 aprovechar los descuentos al 50% en todos los ejemplares.<br \/>\nPrograma de espect\u00e1culos del fin de semana<br \/>\nViernes 1 de septiembre<br \/>\n20:30 &#8211; FILC BAILABLE: Roda Roots (Resistencia) + A Metros (Corrientes)<br \/>\n21:00 &#8211; FILC BAILABLE: Viento Norte<br \/>\n22:00 &#8211; FILC BAILABLE: Bailunga<br \/>\nS\u00e1bado 2 de septiembre<br \/>\n17:00 &#8211; Presentaci\u00f3n del Mago Fernando<br \/>\n18:00 &#8211; Show en vivo Tierra Verde<br \/>\nDomingo 3 de septiembre<br \/>\n19:00 &#8211; Show en vivo del Capit\u00e1n Teuco<br \/>\n19:30 &#8211; La Pe\u00f1a de la FILC &#8211; Ensamble de la orquesta del Cruce Viejo<br \/>\n20:00 &#8211; Coro Chelaa Lapi<br \/>\n20:30 &#8211; CHAQUETANGO<br \/>\n21:00 &#8211; La Pe\u00f1a de la FILC &#8211; Las Guaynas Por\u00e1<\/div>\n","protected":false},"excerpt":{"rendered":"<p>Se trata de un acontecimiento cultural, social y comunitario que contar\u00e1 con la presencia de diversos shows, acompa\u00f1ado de Food Truck y cerveza artesanal. Roda Roots (Resistencia), A Metros (Corrientes), Viento Norte y Bailunga brindar\u00e1n m\u00fasica para todos y todas durante este viernes en el Espacio Azul del Domo el Centenario. Durante este fin de [&hellip;]<\/p>\n","protected":false},"author":1,"featured_media":26061,"comment_status":"closed","ping_status":"closed","sticky":false,"template":"","format":"standard","meta":{"footnotes":""},"categories":[6],"tags":[],"class_list":{"0":"post-26060","1":"post","2":"type-post","3":"status-publish","4":"format-standard","5":"has-post-thumbnail","7":"category-chaco"},"_links":{"self":[{"href":"https:\/\/chacosintesis.com.ar\/index.php\/wp-json\/wp\/v2\/posts\/26060","targetHints":{"allow":["GET"]}}],"collection":[{"href":"https:\/\/chacosintesis.com.ar\/index.php\/wp-json\/wp\/v2\/posts"}],"about":[{"href":"https:\/\/chacosintesis.com.ar\/index.php\/wp-json\/wp\/v2\/types\/post"}],"author":[{"embeddable":true,"href":"https:\/\/chacosintesis.com.ar\/index.php\/wp-json\/wp\/v2\/users\/1"}],"replies":[{"embeddable":true,"href":"https:\/\/chacosintesis.com.ar\/index.php\/wp-json\/wp\/v2\/comments?post=26060"}],"version-history":[{"count":0,"href":"https:\/\/chacosintesis.com.ar\/index.php\/wp-json\/wp\/v2\/posts\/26060\/revisions"}],"wp:featuredmedia":[{"embeddable":true,"href":"https:\/\/chacosintesis.com.ar\/index.php\/wp-json\/wp\/v2\/media\/26061"}],"wp:attachment":[{"href":"https:\/\/chacosintesis.com.ar\/index.php\/wp-json\/wp\/v2\/media?parent=26060"}],"wp:term":[{"taxonomy":"category","embeddable":true,"href":"https:\/\/chacosintesis.com.ar\/index.php\/wp-json\/wp\/v2\/categories?post=26060"},{"taxonomy":"post_tag","embeddable":true,"href":"https:\/\/chacosintesis.com.ar\/index.php\/wp-json\/wp\/v2\/tags?post=26060"}],"curies":[{"name":"wp","href":"https:\/\/api.w.org\/{rel}","templated":true}]}}